{"id":13835,"date":"2024-02-12T12:03:59","date_gmt":"2024-02-12T11:03:59","guid":{"rendered":"https:\/\/umilowani.pl\/?p=13835"},"modified":"2026-01-09T10:23:46","modified_gmt":"2026-01-09T09:23:46","slug":"anna","status":"publish","type":"post","link":"https:\/\/umilowani.pl\/index.php\/2024\/02\/12\/anna\/","title":{"rendered":"ANNA"},"content":{"rendered":"<p>[et_pb_section fb_built=&#8221;1&#8243; custom_padding_last_edited=&#8221;on|desktop&#8221; admin_label=&#8221;section&#8221; _builder_version=&#8221;4.9.3&#8243; background_color=&#8221;#FFFFFF&#8221; custom_padding_tablet=&#8221;50px|0|50px|0&#8243; custom_padding_phone=&#8221;&#8221; transparent_background=&#8221;on&#8221; padding_mobile=&#8221;off&#8221; make_fullwidth=&#8221;off&#8221; use_custom_width=&#8221;off&#8221; width_unit=&#8221;on&#8221; custom_width_px=&#8221;1080px&#8221; custom_width_percent=&#8221;80%&#8221;][et_pb_row _builder_version=&#8221;4.9.3&#8243; _module_preset=&#8221;default&#8221;][et_pb_column type=&#8221;4_4&#8243; _builder_version=&#8221;4.9.3&#8243; _module_preset=&#8221;default&#8221;][et_pb_blurb title=&#8221;mgr ANNA STRUG&#8221; image=&#8221;https:\/\/umilowani.pl\/wp-content\/uploads\/2024\/12\/Anna2.jpg&#8221; alt=&#8221;Zamys\u0142&#8221; image_max_width=&#8221;75%&#8221; content_max_width=&#8221;90%&#8221; admin_label=&#8221;Blurb&#8221; _builder_version=&#8221;4.9.3&#8243; header_font_size=&#8221;16&#8243; header_line_height=&#8221;1.6em&#8221; body_font_size=&#8221;16px&#8221; background_size=&#8221;initial&#8221; background_position=&#8221;top_left&#8221; background_repeat=&#8221;repeat&#8221; text_orientation=&#8221;center&#8221; animation=&#8221;off&#8221; hover_enabled=&#8221;0&#8243; border_color_all=&#8221;#000000&#8243; border_width_all_image=&#8221;1px&#8221; border_color_all_image=&#8221;#043518&#8243; use_border_color=&#8221;off&#8221; border_color=&#8221;#ffffff&#8221; border_style=&#8221;solid&#8221; sticky_enabled=&#8221;0&#8243;]<\/p>\n<div class=\"et_pb_slide_content\" style=\"text-align: center;\">\n<div class=\"et_pb_slide_content\">\n<div>\n<p>&nbsp;<\/p>\n<p><span style=\"color: #a0b34d;\"><strong><em>DORADCA RODZINNY, PROFILAKTYK UZALE\u017bNIE\u0143, MEDIATOR RODZINNY, SOCJOLOG<\/em><\/strong><\/span><\/p>\n<div class=\"et_pb_slide_content\">\n<div class=\"et_pb_slide_content\">\n<p>&nbsp;<\/p>\n<p><strong>Kontakt:<\/strong><\/p>\n<p><strong>E-mail: umilowani@umilowani.pl<\/strong><\/p>\n<p>&nbsp;<\/p>\n<p>Uko\u0144czy\u0142am studia magisterskie z zakresu socjologii (specjalno\u015b\u0107: s\u0142u\u017cby socjalne) na Uniwersytecie Wroc\u0142awskim oraz Podyplomowe Studia Nauk o Rodzinie na Papieskim Wydziale Teologicznym we Wroc\u0142awiu. Uprawnienia do pracy jako profilaktyk uzale\u017cnie\u0144 oraz mediator pojednawczy zdoby\u0142am w ramach Podyplomowego Studium Relacji Interpersonalnych i Profilaktyki Uzale\u017cnie\u0144 na Wydziale Psychologii Chrze\u015bcija\u0144skiej Uniwersytetu Kardyna\u0142a Stefana Wyszy\u0144skiego w Warszawie. W 2023 roku uko\u0144czy\u0142am Studium Terapii Par w Dolno\u015bl\u0105skim Centrum Psychoterapii. Studia te przybli\u017cy\u0142y mi tematyk\u0119 specjalistycznej pomocy parom i ma\u0142\u017ce\u0144stwom w szeroko rozumianym kryzysie relacji.<\/p>\n<p>Pracuj\u0119 w poradnictwie rodzinnym od 2008 roku. Swoje do\u015bwiadczenie zdobywa\u0142am w Specjalistycznych Poradniach Rodzinnych przy kilku parafiach we Wroc\u0142awiu. Od kilku lat jestem zwi\u0105zana z Fundacj\u0105 Evangelium Vitae. W Fundacji prowadz\u0119 warsztaty grupowe dla ma\u0142\u017conk\u00f3w i rodzic\u00f3w o charakterze profilaktycznym oraz zaj\u0119cia grupowe dla m\u0142odych mam oraz senior\u00f3w. Wraz z m\u0119\u017cem, Krzysztofem, stworzyli\u015bmy autorskie warsztaty dla ma\u0142\u017conk\u00f3w wzmacniaj\u0105ce wi\u0119\u017a oraz pomagaj\u0105ce w piel\u0119gnowaniu mi\u0142o\u015bci na codzie\u0144. Warsztaty te realizujemy z powodzeniem od 2017 roku. Do tej pory z naszych \u201eRandek ma\u0142\u017ce\u0144skich\u201d skorzysta\u0142o 200 ma\u0142\u017ce\u0144stw.<\/p>\n<p>Jako profilaktyk uzale\u017cnie\u0144 stworzy\u0142am autorski program warsztat\u00f3w dla rodzic\u00f3w nastolatk\u00f3w z cyklu \u201ePrze\u017bY\u0106 z nastolatkiem\u201d. Uczestnicy warsztat\u00f3w nabywaj\u0105 umiej\u0119tno\u015bci budowania dobrych relacji z m\u0142odzie\u017c\u0105 oraz wiedz\u0119 na temat ochrony przed uzale\u017cnieniami od nowoczesnych technologii.<\/p>\n<h3>Poradnia Rodzinna<\/h3>\n<p>W Poradni Rodzinnej oferuj\u0119 poradnictwo indywidualne w zakresie:<\/p>\n<p>\u2013 wsparcia ma\u0142\u017ce\u0144stw do\u015bwiadczaj\u0105cych kryzysu i zagro\u017conych rozwodem,<br \/>\u2013 nauki skutecznych metod komunikacji i rozwi\u0105zywania konflikt\u00f3w,<br \/>\u2013 wsparcia rodzic\u00f3w prze\u017cywaj\u0105cych problemy wychowawcze, zw\u0142aszcza z nastolatkami,<br \/>\u2013 problem\u00f3w osobistych zwi\u0105zanych z hierarchi\u0105 warto\u015bci, wa\u017cno\u015bci os\u00f3b, organizacji \u017cycia, stawiania granic w relacjach,<br \/>\u2013 mechanizm\u00f3w uzale\u017cnie\u0144 behewioralnych i ich skutk\u00f3w spo\u0142ecznych w ka\u017cdej grupie wiekowej,<br \/>\u2013 syndrom\u00f3w DDA, DDD, wsp\u00f3\u0142uzale\u017cnienia w rodzinie.<\/p>\n<p>Prowadz\u0119 profesjonalne mediacje ma\u0142\u017ce\u0144skie i rodzinne, zgodne ze ze Standardami prowadzenia mediacji i post\u0119powania mediatora uchwalonymi w 2006 roku przez Spo\u0142eczn\u0105 Rad\u0119 d\/s Alternatywnych Metod Rozwi\u0105zywania Konflikt\u00f3w i Spor\u00f3w przy Ministrze Sprawiedliwo\u015bci.<\/p>\n<p>Jestem szcz\u0119\u015bliw\u0105 \u017con\u0105 i mam\u0105 tr\u00f3jki dzieci w wieku szkolnym.<\/p>\n<\/div>\n<\/div>\n<\/div>\n<\/div>\n<\/div>\n<p>[\/et_pb_blurb][et_pb_blurb title=&#8221;PRAKTYKA I DO\u015aWIADCZENIE&#8221; url=&#8221;https:\/\/umilowani.pl\/index.php\/malzenstwo\/&#8221; image_max_width=&#8221;none&#8221; content_max_width=&#8221;90%&#8221; admin_label=&#8221;Blurb&#8221; _builder_version=&#8221;4.9.3&#8243; header_font_size=&#8221;16&#8243; body_font_size=&#8221;16&#8243; body_line_height=&#8221;1.8em&#8221; background_color=&#8221;#FFFFFF&#8221; background_size=&#8221;initial&#8221; background_position=&#8221;top_left&#8221; background_repeat=&#8221;repeat&#8221; text_orientation=&#8221;center&#8221; animation=&#8221;off&#8221; border_color_all=&#8221;#000000&#8243; border_width_all_image=&#8221;1px&#8221; border_color_all_image=&#8221;#043518&#8243; use_border_color=&#8221;off&#8221; border_color=&#8221;#ffffff&#8221; border_style=&#8221;solid&#8221;][\/et_pb_blurb][\/et_pb_column][\/et_pb_row][et_pb_row column_structure=&#8221;1_5,1_5,1_5,1_5,1_5&#8243; _builder_version=&#8221;4.9.3&#8243; _module_preset=&#8221;default&#8221;][et_pb_column type=&#8221;1_5&#8243; _builder_version=&#8221;4.9.3&#8243; _module_preset=&#8221;default&#8221;][et_pb_number_counter title=&#8221;GODZIN INDYWIDUALNYCH KONSULTACJI &#8221; number=&#8221;1600&#8243; percent_sign=&#8221;off&#8221; counter_color=&#8221;#e00b00&#8243; admin_label=&#8221;Licznik w formie liczby&#8221; _builder_version=&#8221;4.9.3&#8243; title_font_size=&#8221;14px&#8221; title_line_height=&#8221;2em&#8221; number_text_color=&#8221;#a0b34d&#8221; number_font_size=&#8221;30px&#8221; number_line_height=&#8221;100px&#8221; background_size=&#8221;initial&#8221; background_position=&#8221;top_left&#8221; background_repeat=&#8221;repeat&#8221; use_border_color=&#8221;off&#8221; border_color=&#8221;#e02b20&#8243; border_style=&#8221;ridge&#8221;]&nbsp;<br \/>\n[\/et_pb_number_counter][\/et_pb_column][et_pb_column type=&#8221;1_5&#8243; _builder_version=&#8221;4.9.3&#8243; _module_preset=&#8221;default&#8221;][et_pb_number_counter title=&#8221;CYKLI WARSZTAT\u00d3W DLA MA\u0141\u017bONK\u00d3W, RODZIC\u00d3W I OS\u00d3B DOROS\u0141YCH&#8221; number=&#8221;66&#8243; percent_sign=&#8221;off&#8221; counter_color=&#8221;#e00b00&#8243; admin_label=&#8221;Licznik w formie liczby&#8221; _builder_version=&#8221;4.9.3&#8243; title_font_size=&#8221;14px&#8221; title_line_height=&#8221;2em&#8221; number_text_color=&#8221;#a0b34d&#8221; number_font_size=&#8221;30px&#8221; number_line_height=&#8221;100px&#8221; background_size=&#8221;initial&#8221; background_position=&#8221;top_left&#8221; background_repeat=&#8221;repeat&#8221; hover_enabled=&#8221;0&#8243; use_border_color=&#8221;off&#8221; border_color=&#8221;#000000&#8243; border_style=&#8221;solid&#8221; sticky_enabled=&#8221;0&#8243;]&nbsp;<br \/>\n[\/et_pb_number_counter][\/et_pb_column][et_pb_column type=&#8221;1_5&#8243; _builder_version=&#8221;4.9.3&#8243; _module_preset=&#8221;default&#8221;][et_pb_number_counter title=&#8221;GODZIN WARSZTAT\u00d3W DLA MA\u0141\u017bONK\u00d3W, RODZIC\u00d3W I OS\u00d3B DOROS\u0141YCH&#8221; number=&#8221;1000&#8243; percent_sign=&#8221;off&#8221; counter_color=&#8221;#e00b00&#8243; admin_label=&#8221;Licznik w formie liczby&#8221; _builder_version=&#8221;4.9.3&#8243; title_font_size=&#8221;14px&#8221; title_line_height=&#8221;2em&#8221; number_text_color=&#8221;#a0b34d&#8221; number_font_size=&#8221;30px&#8221; number_line_height=&#8221;100px&#8221; background_size=&#8221;initial&#8221; background_position=&#8221;top_left&#8221; background_repeat=&#8221;repeat&#8221; hover_enabled=&#8221;0&#8243; use_border_color=&#8221;off&#8221; border_color=&#8221;#000000&#8243; border_style=&#8221;solid&#8221; sticky_enabled=&#8221;0&#8243;]&nbsp;<br \/>\n[\/et_pb_number_counter][\/et_pb_column][et_pb_column type=&#8221;1_5&#8243; _builder_version=&#8221;4.9.3&#8243; _module_preset=&#8221;default&#8221;][et_pb_number_counter title=&#8221;OS\u00d3B SKORZYSTA\u0141O Z WARSZTAT\u00d3W&#8221; number=&#8221;900&#8243; percent_sign=&#8221;off&#8221; counter_color=&#8221;#e00b00&#8243; admin_label=&#8221;Licznik w formie liczby&#8221; _builder_version=&#8221;4.9.3&#8243; title_font_size=&#8221;14px&#8221; title_line_height=&#8221;2em&#8221; number_text_color=&#8221;#a0b34d&#8221; number_font_size=&#8221;30px&#8221; number_line_height=&#8221;100px&#8221; background_size=&#8221;initial&#8221; background_position=&#8221;top_left&#8221; background_repeat=&#8221;repeat&#8221; hover_enabled=&#8221;0&#8243; use_border_color=&#8221;off&#8221; border_color=&#8221;#000000&#8243; border_style=&#8221;solid&#8221; sticky_enabled=&#8221;0&#8243;]&nbsp;<br \/>\n[\/et_pb_number_counter][\/et_pb_column][et_pb_column type=&#8221;1_5&#8243; _builder_version=&#8221;4.9.3&#8243; _module_preset=&#8221;default&#8221;][et_pb_number_counter title=&#8221;SPOTKA\u0143 O TEMATYCE MA\u0141\u017bE\u0143SKIEJ&#8221; number=&#8221;30&#8243; percent_sign=&#8221;off&#8221; counter_color=&#8221;#e00b00&#8243; admin_label=&#8221;Licznik w formie liczby&#8221; _builder_version=&#8221;4.9.3&#8243; title_font_size=&#8221;14px&#8221; title_line_height=&#8221;2em&#8221; number_text_color=&#8221;#a0b34d&#8221; number_font_size=&#8221;30px&#8221; number_line_height=&#8221;100px&#8221; background_size=&#8221;initial&#8221; background_position=&#8221;top_left&#8221; background_repeat=&#8221;repeat&#8221; use_border_color=&#8221;off&#8221; border_color=&#8221;#000000&#8243; border_style=&#8221;solid&#8221;]&nbsp;<br \/>\n[\/et_pb_number_counter][\/et_pb_column][\/et_pb_row][\/et_pb_section][et_pb_section fb_built=&#8221;1&#8243; disabled_on=&#8221;on|on|on&#8221; admin_label=&#8221;section&#8221; _builder_version=&#8221;3.22&#8243; disabled=&#8221;on&#8221;][et_pb_row padding_mobile=&#8221;off&#8221; column_padding_mobile=&#8221;on&#8221; admin_label=&#8221;row&#8221; _builder_version=&#8221;4.9.3&#8243; background_size=&#8221;initial&#8221; background_position=&#8221;top_left&#8221; background_repeat=&#8221;repeat&#8221; max_width=&#8221;90%&#8221; make_fullwidth=&#8221;off&#8221; use_custom_width=&#8221;on&#8221; width_unit=&#8221;off&#8221; custom_width_percent=&#8221;90%&#8221;][et_pb_column type=&#8221;4_4&#8243; _builder_version=&#8221;3.25&#8243; custom_padding=&#8221;|||&#8221; custom_padding__hover=&#8221;|||&#8221;][et_pb_slider disabled_on=&#8221;off|off|off&#8221; admin_label=&#8221;Slider&#8221; _builder_version=&#8221;4.9.3&#8243; background_enable_image=&#8221;off&#8221; content_max_width=&#8221;1500px&#8221; custom_padding=&#8221;|||&#8221; custom_padding_tablet=&#8221;|||&#8221; custom_padding_phone=&#8221;|||&#8221; remove_inner_shadow=&#8221;on&#8221; hide_content_on_mobile=&#8221;off&#8221; hide_cta_on_mobile=&#8221;off&#8221; show_inner_shadow=&#8221;off&#8221; button_letter_spacing_hover=&#8221;0&#8243; button_text_size__hover_enabled=&#8221;off&#8221; button_one_text_size__hover_enabled=&#8221;off&#8221; button_two_text_size__hover_enabled=&#8221;off&#8221; button_text_color__hover_enabled=&#8221;off&#8221; button_one_text_color__hover_enabled=&#8221;off&#8221; button_two_text_color__hover_enabled=&#8221;off&#8221; button_border_width__hover_enabled=&#8221;off&#8221; button_one_border_width__hover_enabled=&#8221;off&#8221; button_two_border_width__hover_enabled=&#8221;off&#8221; button_border_color__hover_enabled=&#8221;off&#8221; button_one_border_color__hover_enabled=&#8221;off&#8221; button_two_border_color__hover_enabled=&#8221;off&#8221; button_border_radius__hover_enabled=&#8221;off&#8221; button_one_border_radius__hover_enabled=&#8221;off&#8221; button_two_border_radius__hover_enabled=&#8221;off&#8221; button_letter_spacing__hover_enabled=&#8221;on&#8221; button_letter_spacing__hover=&#8221;0&#8243; button_one_letter_spacing__hover_enabled=&#8221;off&#8221; button_two_letter_spacing__hover_enabled=&#8221;off&#8221; button_bg_color__hover_enabled=&#8221;off&#8221; button_one_bg_color__hover_enabled=&#8221;off&#8221; button_two_bg_color__hover_enabled=&#8221;off&#8221;][et_pb_slide use_bg_overlay=&#8221;off&#8221; use_text_overlay=&#8221;on&#8221; text_overlay_color=&#8221;rgba(0,0,0,0.6)&#8221; _builder_version=&#8221;4.9.3&#8243; header_font=&#8221;||||&#8221; header_line_height=&#8221;2em&#8221; body_font=&#8221;||||&#8221; background_color=&#8221;rgba(255,255,255,0)&#8221; background_image=&#8221;https:\/\/umilowani.pl\/wp-content\/uploads\/2024\/04\/Nowe-plakaty20.jpg&#8221; background_enable_image=&#8221;on&#8221; button_icon_placement=&#8221;right&#8221; button_on_hover=&#8221;on&#8221; header_font_size_tablet=&#8221;&#8221; header_font_size_phone=&#8221;&#8221; header_font_size_last_edited=&#8221;on|desktop&#8221; header_line_height_tablet=&#8221;2em&#8221; header_line_height_phone=&#8221;2em&#8221; header_line_height_last_edited=&#8221;on|desktop&#8221; body_font_size_tablet=&#8221;&#8221; body_font_size_phone=&#8221;&#8221; body_font_size_last_edited=&#8221;on|phone&#8221; body_line_height_tablet=&#8221;&#8221; body_line_height_phone=&#8221;&#8221; body_line_height_last_edited=&#8221;on|phone&#8221; button_text_size__hover_enabled=&#8221;off&#8221; button_one_text_size__hover_enabled=&#8221;off&#8221; button_two_text_size__hover_enabled=&#8221;off&#8221; button_text_color__hover_enabled=&#8221;off&#8221; button_one_text_color__hover_enabled=&#8221;off&#8221; button_two_text_color__hover_enabled=&#8221;off&#8221; button_border_width__hover_enabled=&#8221;off&#8221; button_one_border_width__hover_enabled=&#8221;off&#8221; button_two_border_width__hover_enabled=&#8221;off&#8221; button_border_color__hover_enabled=&#8221;off&#8221; button_one_border_color__hover_enabled=&#8221;off&#8221; button_two_border_color__hover_enabled=&#8221;off&#8221; button_border_radius__hover_enabled=&#8221;off&#8221; button_one_border_radius__hover_enabled=&#8221;off&#8221; button_two_border_radius__hover_enabled=&#8221;off&#8221; button_letter_spacing__hover_enabled=&#8221;off&#8221; button_one_letter_spacing__hover_enabled=&#8221;off&#8221; button_two_letter_spacing__hover_enabled=&#8221;off&#8221; button_bg_color__hover_enabled=&#8221;off&#8221; button_one_bg_color__hover_enabled=&#8221;off&#8221; button_two_bg_color__hover_enabled=&#8221;off&#8221; sticky_transition=&#8221;on&#8221;]<\/p>\n<p>&nbsp;<\/p>\n<p style=\"text-align: center;\"><strong>mgr Anna Strug<br \/><\/strong><\/p>\n<p style=\"text-align: center;\"><strong><span style=\"color: #d4ed66;\">DORADCA RODZINNY, PROFILAKTYK UZALE\u017bNIE\u0143, MEDIATOR RODZINNY, SOCJOLOG<\/span><\/strong><\/p>\n<p>&nbsp;<\/p>\n<p><img loading=\"lazy\" decoding=\"async\" class=\"aligncenter wp-image-15444\" src=\"https:\/\/umilowani.pl\/wp-content\/uploads\/2024\/04\/Beznazwy-39-300x189.jpg\" alt=\"\" width=\"500\" height=\"315\" \/><\/p>\n<p>&nbsp;<\/p>\n<p style=\"text-align: center;\">Uko\u0144czy\u0142am studia magisterskie z zakresu socjologii (specjalno\u015b\u0107: s\u0142u\u017cby socjalne) na Uniwersytecie Wroc\u0142awskim oraz Podyplomowe Studia Nauk o Rodzinie na Papieskim Wydziale Teologicznym we Wroc\u0142awiu. Uprawnienia do pracy jako profilaktyk uzale\u017cnie\u0144 oraz mediator pojednawczy zdoby\u0142am w ramach Podyplomowego Studium Relacji Interpersonalnych i Profilaktyki Uzale\u017cnie\u0144 na Wydziale Psychologii Chrze\u015bcija\u0144skiej Uniwersytetu Kardyna\u0142a Stefana Wyszy\u0144skiego w Warszawie. W 2023 roku uko\u0144czy\u0142am Studium Terapii Par w Dolno\u015bl\u0105skim Centrum Psychoterapii, kt\u00f3re przybli\u017cy\u0142o mi tematyk\u0119 specjalistycznej pomocy parom i ma\u0142\u017ce\u0144stwom w szeroko rozumianym kryzysie relacji.<\/p>\n<p style=\"text-align: center;\">Pracuj\u0119 w poradnictwie rodzinnym od 2008 roku. Swoje do\u015bwiadczenie zdobywa\u0142am w Specjalistycznych Poradniach Rodzinnych przy kilku parafiach we Wroc\u0142awiu. Od kilku lat jestem zwi\u0105zana z Fundacj\u0105 Evangelium Vitae, gdzie prowadz\u0119 warsztaty grupowe dla ma\u0142\u017conk\u00f3w i rodzic\u00f3w o charakterze profilaktycznym oraz zaj\u0119cia grupowe dla m\u0142odych mam oraz senior\u00f3w. Wraz z m\u0119\u017cem, Krzysztofem, stworzyli\u015bmy autorskie warsztaty dla ma\u0142\u017conk\u00f3w wzmacniaj\u0105ce wi\u0119\u017a oraz pomagaj\u0105ce w piel\u0119gnowaniu mi\u0142o\u015bci na codzie\u0144, kt\u00f3re z powodzeniem realizujemy od 2017 roku. Do tej pory z naszych \u201eRandek ma\u0142\u017ce\u0144skich\u201d skorzysta\u0142o ponad 200 ma\u0142\u017ce\u0144stw.<\/p>\n<p style=\"text-align: center;\">Jako profilaktyk uzale\u017cnie\u0144 stworzy\u0142am autorski program warsztat\u00f3w dla rodzic\u00f3w nastolatk\u00f3w z cyklu \u201ePrze\u017bY\u0106 z nastolatkiem\u201d, w ramach kt\u00f3rego uczestnicy nabywaj\u0105 umiej\u0119tno\u015bci budowania dobrych relacji z m\u0142odzie\u017c\u0105 oraz wiedz\u0119 na temat ochrony przed uzale\u017cnieniami od nowoczesnych technologii.<\/p>\n<p style=\"text-align: center;\">W Poradni Rodzinnej oferuj\u0119 poradnictwo indywidualne w zakresie:<\/p>\n<p style=\"text-align: center;\">\u2013 wsparcia ma\u0142\u017ce\u0144stw do\u015bwiadczaj\u0105cych kryzysu i zagro\u017conych rozwodem,<br \/>\u2013 nauki skutecznych metod komunikacji i rozwi\u0105zywania konflikt\u00f3w,<br \/>\u2013 wsparcia rodzic\u00f3w prze\u017cywaj\u0105cych problemy wychowawcze, zw\u0142aszcza z nastolatkami,<br \/>\u2013 problem\u00f3w osobistych zwi\u0105zanych z hierarchi\u0105 warto\u015bci, wa\u017cno\u015bci os\u00f3b, organizacji \u017cycia, stawiania granic w relacjach,<br \/>\u2013 mechanizm\u00f3w uzale\u017cnie\u0144 behewioralnych i ich skutk\u00f3w spo\u0142ecznych w ka\u017cdej grupie wiekowej,<br \/>\u2013 syndrom\u00f3w DDA, DDD, wsp\u00f3\u0142uzale\u017cnienia w rodzinie.<\/p>\n<p style=\"text-align: center;\">Prowadz\u0119 profesjonalne mediacje ma\u0142\u017ce\u0144skie i rodzinne, zgodne ze ze Standardami prowadzenia mediacji i post\u0119powania mediatora uchwalonymi w 2006 roku przez Spo\u0142eczn\u0105 Rad\u0119 d\/s Alternatywnych Metod Rozwi\u0105zywania Konflikt\u00f3w i Spor\u00f3w przy Ministrze Sprawiedliwo\u015bci.<\/p>\n<p style=\"text-align: center;\">Jestem szcz\u0119\u015bliw\u0105 \u017con\u0105 i mam\u0105 tr\u00f3jki dzieci w wieku szkolnym.<\/p>\n<p>&nbsp;<\/p>\n<p style=\"text-align: center;\"><strong>Kontakt:<\/strong><\/p>\n<p style=\"text-align: center;\"><span style=\"color: #d4ed66;\">E-mail: <strong>umilowani@umilowani.pl<\/strong><\/span><\/p>\n<p>&nbsp;<\/p>\n<p>[\/et_pb_slide][\/et_pb_slider][et_pb_slider disabled_on=&#8221;off|off|off&#8221; admin_label=&#8221;Slider&#8221; _builder_version=&#8221;4.9.3&#8243; background_enable_image=&#8221;off&#8221; content_max_width=&#8221;1500px&#8221; custom_padding=&#8221;|||&#8221; custom_padding_tablet=&#8221;|||&#8221; custom_padding_phone=&#8221;|||&#8221; remove_inner_shadow=&#8221;on&#8221; hide_content_on_mobile=&#8221;off&#8221; hide_cta_on_mobile=&#8221;off&#8221; show_inner_shadow=&#8221;off&#8221; button_letter_spacing_hover=&#8221;0&#8243; button_text_size__hover_enabled=&#8221;off&#8221; button_one_text_size__hover_enabled=&#8221;off&#8221; button_two_text_size__hover_enabled=&#8221;off&#8221; button_text_color__hover_enabled=&#8221;off&#8221; button_one_text_color__hover_enabled=&#8221;off&#8221; button_two_text_color__hover_enabled=&#8221;off&#8221; button_border_width__hover_enabled=&#8221;off&#8221; button_one_border_width__hover_enabled=&#8221;off&#8221; button_two_border_width__hover_enabled=&#8221;off&#8221; button_border_color__hover_enabled=&#8221;off&#8221; button_one_border_color__hover_enabled=&#8221;off&#8221; button_two_border_color__hover_enabled=&#8221;off&#8221; button_border_radius__hover_enabled=&#8221;off&#8221; button_one_border_radius__hover_enabled=&#8221;off&#8221; button_two_border_radius__hover_enabled=&#8221;off&#8221; button_letter_spacing__hover_enabled=&#8221;on&#8221; button_letter_spacing__hover=&#8221;0&#8243; button_one_letter_spacing__hover_enabled=&#8221;off&#8221; button_two_letter_spacing__hover_enabled=&#8221;off&#8221; button_bg_color__hover_enabled=&#8221;off&#8221; button_one_bg_color__hover_enabled=&#8221;off&#8221; button_two_bg_color__hover_enabled=&#8221;off&#8221;][et_pb_slide use_bg_overlay=&#8221;off&#8221; use_text_overlay=&#8221;on&#8221; text_overlay_color=&#8221;rgba(0,0,0,0.6)&#8221; _builder_version=&#8221;4.9.3&#8243; header_font=&#8221;||||&#8221; header_line_height=&#8221;2em&#8221; body_font=&#8221;||||&#8221; background_color=&#8221;rgba(255,255,255,0)&#8221; background_image=&#8221;https:\/\/umilowani.pl\/wp-content\/uploads\/2024\/04\/Nowe-plakaty20.jpg&#8221; background_enable_image=&#8221;on&#8221; button_icon_placement=&#8221;right&#8221; button_on_hover=&#8221;on&#8221; header_font_size_tablet=&#8221;&#8221; header_font_size_phone=&#8221;&#8221; header_font_size_last_edited=&#8221;on|desktop&#8221; header_line_height_tablet=&#8221;2em&#8221; header_line_height_phone=&#8221;2em&#8221; header_line_height_last_edited=&#8221;on|desktop&#8221; body_font_size_tablet=&#8221;&#8221; body_font_size_phone=&#8221;&#8221; body_font_size_last_edited=&#8221;on|phone&#8221; body_line_height_tablet=&#8221;&#8221; body_line_height_phone=&#8221;&#8221; body_line_height_last_edited=&#8221;on|phone&#8221; button_text_size__hover_enabled=&#8221;off&#8221; button_one_text_size__hover_enabled=&#8221;off&#8221; button_two_text_size__hover_enabled=&#8221;off&#8221; button_text_color__hover_enabled=&#8221;off&#8221; button_one_text_color__hover_enabled=&#8221;off&#8221; button_two_text_color__hover_enabled=&#8221;off&#8221; button_border_width__hover_enabled=&#8221;off&#8221; button_one_border_width__hover_enabled=&#8221;off&#8221; button_two_border_width__hover_enabled=&#8221;off&#8221; button_border_color__hover_enabled=&#8221;off&#8221; button_one_border_color__hover_enabled=&#8221;off&#8221; button_two_border_color__hover_enabled=&#8221;off&#8221; button_border_radius__hover_enabled=&#8221;off&#8221; button_one_border_radius__hover_enabled=&#8221;off&#8221; button_two_border_radius__hover_enabled=&#8221;off&#8221; button_letter_spacing__hover_enabled=&#8221;off&#8221; button_one_letter_spacing__hover_enabled=&#8221;off&#8221; button_two_letter_spacing__hover_enabled=&#8221;off&#8221; button_bg_color__hover_enabled=&#8221;off&#8221; button_one_bg_color__hover_enabled=&#8221;off&#8221; button_two_bg_color__hover_enabled=&#8221;off&#8221; sticky_transition=&#8221;on&#8221;]<\/p>\n<div class=\"et_pb_module et_pb_text et_pb_text_0  et_pb_text_align_left et_pb_bg_layout_light\" style=\"text-align: center;\">\n<h3>\u00a0<\/h3>\n<h3 class=\"et_pb_text_inner\"><strong>PRAKTYKA I DO\u015aWIADCZENIE<\/strong><\/h3>\n<\/div>\n<div style=\"text-align: center;\">\u00a0<\/div>\n<h1 class=\"percent\" style=\"text-align: center;\"><span class=\"percent-value\" style=\"color: #d4ed66;\">1224<\/span><\/h1>\n<p class=\"title\" style=\"text-align: center;\">Godziny indywidualnych konsultacji<\/p>\n<h1 class=\"percent\" style=\"text-align: center;\"><span class=\"percent-value\" style=\"color: #d4ed66;\">51<\/span><\/h1>\n<p class=\"title\" style=\"text-align: center;\">Cykli warsztat\u00f3w dla ma\u0142\u017conk\u00f3w, rodzic\u00f3w i os\u00f3b doros\u0142ych<\/p>\n<h1 class=\"percent\" style=\"text-align: center;\"><span class=\"percent-value\" style=\"color: #d4ed66;\">846<\/span><\/h1>\n<p class=\"title\" style=\"text-align: center;\">Godzin warsztat\u00f3w dla ma\u0142\u017conk\u00f3w, rodzic\u00f3w i os\u00f3b doros\u0142ych<\/p>\n<h1 class=\"percent\" style=\"text-align: center;\"><span class=\"percent-value\" style=\"color: #d4ed66;\">725<\/span><\/h1>\n<p class=\"title\" style=\"text-align: center;\">Os\u00f3b skorzysta\u0142o z warsztat\u00f3w<\/p>\n<h1 class=\"percent\" style=\"text-align: center;\"><span class=\"percent-value\" style=\"color: #d4ed66;\">20<\/span><\/h1>\n<p class=\"title\" style=\"text-align: center;\">Spotka\u0144 o tematyce ma\u0142\u017ce\u0144skiej<\/p>\n<p>&nbsp;<\/p>\n<p>[\/et_pb_slide][\/et_pb_slider][\/et_pb_column][\/et_pb_row][\/et_pb_section][et_pb_section fb_built=&#8221;1&#8243; disabled_on=&#8221;on|on|on&#8221; admin_label=&#8221;section&#8221; _builder_version=&#8221;3.22&#8243; disabled=&#8221;on&#8221;][et_pb_row padding_mobile=&#8221;off&#8221; column_padding_mobile=&#8221;on&#8221; admin_label=&#8221;row&#8221; _builder_version=&#8221;4.9.3&#8243; background_size=&#8221;initial&#8221; background_position=&#8221;top_left&#8221; background_repeat=&#8221;repeat&#8221; max_width=&#8221;90%&#8221; make_fullwidth=&#8221;off&#8221; use_custom_width=&#8221;on&#8221; width_unit=&#8221;off&#8221; custom_width_percent=&#8221;90%&#8221;][et_pb_column type=&#8221;4_4&#8243; _builder_version=&#8221;3.25&#8243; custom_padding=&#8221;|||&#8221; custom_padding__hover=&#8221;|||&#8221;][et_pb_slider disabled_on=&#8221;off|off|off&#8221; admin_label=&#8221;Slider&#8221; _builder_version=&#8221;4.9.3&#8243; background_enable_image=&#8221;off&#8221; content_max_width=&#8221;1500px&#8221; custom_padding=&#8221;|||&#8221; custom_padding_tablet=&#8221;|||&#8221; custom_padding_phone=&#8221;|||&#8221; remove_inner_shadow=&#8221;on&#8221; hide_content_on_mobile=&#8221;off&#8221; hide_cta_on_mobile=&#8221;off&#8221; show_inner_shadow=&#8221;off&#8221; button_letter_spacing_hover=&#8221;0&#8243; button_text_size__hover_enabled=&#8221;off&#8221; button_one_text_size__hover_enabled=&#8221;off&#8221; button_two_text_size__hover_enabled=&#8221;off&#8221; button_text_color__hover_enabled=&#8221;off&#8221; button_one_text_color__hover_enabled=&#8221;off&#8221; button_two_text_color__hover_enabled=&#8221;off&#8221; button_border_width__hover_enabled=&#8221;off&#8221; button_one_border_width__hover_enabled=&#8221;off&#8221; button_two_border_width__hover_enabled=&#8221;off&#8221; button_border_color__hover_enabled=&#8221;off&#8221; button_one_border_color__hover_enabled=&#8221;off&#8221; button_two_border_color__hover_enabled=&#8221;off&#8221; button_border_radius__hover_enabled=&#8221;off&#8221; button_one_border_radius__hover_enabled=&#8221;off&#8221; button_two_border_radius__hover_enabled=&#8221;off&#8221; button_letter_spacing__hover_enabled=&#8221;on&#8221; button_letter_spacing__hover=&#8221;0&#8243; button_one_letter_spacing__hover_enabled=&#8221;off&#8221; button_two_letter_spacing__hover_enabled=&#8221;off&#8221; button_bg_color__hover_enabled=&#8221;off&#8221; button_one_bg_color__hover_enabled=&#8221;off&#8221; button_two_bg_color__hover_enabled=&#8221;off&#8221;][et_pb_slide use_bg_overlay=&#8221;off&#8221; use_text_overlay=&#8221;on&#8221; text_overlay_color=&#8221;rgba(0,0,0,0.6)&#8221; _builder_version=&#8221;4.9.3&#8243; header_font=&#8221;||||&#8221; header_line_height=&#8221;2em&#8221; body_font=&#8221;||||&#8221; background_color=&#8221;rgba(255,255,255,0)&#8221; background_image=&#8221;https:\/\/umilowani.pl\/wp-content\/uploads\/2022\/12\/Beznazwy-24.jpg&#8221; background_enable_image=&#8221;on&#8221; button_icon_placement=&#8221;right&#8221; button_on_hover=&#8221;on&#8221; header_font_size_tablet=&#8221;&#8221; header_font_size_phone=&#8221;&#8221; header_font_size_last_edited=&#8221;on|desktop&#8221; header_line_height_tablet=&#8221;2em&#8221; header_line_height_phone=&#8221;2em&#8221; header_line_height_last_edited=&#8221;on|desktop&#8221; body_font_size_tablet=&#8221;&#8221; body_font_size_phone=&#8221;&#8221; body_font_size_last_edited=&#8221;on|phone&#8221; body_line_height_tablet=&#8221;&#8221; body_line_height_phone=&#8221;&#8221; body_line_height_last_edited=&#8221;on|phone&#8221; button_text_size__hover_enabled=&#8221;off&#8221; button_one_text_size__hover_enabled=&#8221;off&#8221; button_two_text_size__hover_enabled=&#8221;off&#8221; button_text_color__hover_enabled=&#8221;off&#8221; button_one_text_color__hover_enabled=&#8221;off&#8221; button_two_text_color__hover_enabled=&#8221;off&#8221; button_border_width__hover_enabled=&#8221;off&#8221; button_one_border_width__hover_enabled=&#8221;off&#8221; button_two_border_width__hover_enabled=&#8221;off&#8221; button_border_color__hover_enabled=&#8221;off&#8221; button_one_border_color__hover_enabled=&#8221;off&#8221; button_two_border_color__hover_enabled=&#8221;off&#8221; button_border_radius__hover_enabled=&#8221;off&#8221; button_one_border_radius__hover_enabled=&#8221;off&#8221; button_two_border_radius__hover_enabled=&#8221;off&#8221; button_letter_spacing__hover_enabled=&#8221;off&#8221; button_one_letter_spacing__hover_enabled=&#8221;off&#8221; button_two_letter_spacing__hover_enabled=&#8221;off&#8221; button_bg_color__hover_enabled=&#8221;off&#8221; button_one_bg_color__hover_enabled=&#8221;off&#8221; button_two_bg_color__hover_enabled=&#8221;off&#8221; sticky_transition=&#8221;on&#8221;]<\/p>\n<p>&nbsp;<\/p>\n<p><img loading=\"lazy\" decoding=\"async\" class=\"aligncenter wp-image-13856\" src=\"https:\/\/umilowani.pl\/wp-content\/uploads\/2024\/02\/Do-postu_Ania-300x188.jpg\" alt=\"\" width=\"400\" height=\"251\" \/><\/p>\n<p>&nbsp;<\/p>\n<p style=\"text-align: center;\"><strong>mgr Anna Strug<br \/><\/strong><\/p>\n<p style=\"text-align: center;\"><span style=\"color: #d4ed66;\">Doradca rodzinny, Profilaktyk uzale\u017cnie\u0144, Mediator rodzinny, Socjolog<\/span><\/p>\n<p>&nbsp;<\/p>\n<p style=\"text-align: center;\">Uko\u0144czy\u0142am studia magisterskie z zakresu socjologii (specjalno\u015b\u0107: s\u0142u\u017cby socjalne) na Uniwersytecie Wroc\u0142awskim oraz Podyplomowe Studia Nauk o Rodzinie na Papieskim Wydziale Teologicznym we Wroc\u0142awiu. Uprawnienia do pracy jako profilaktyk uzale\u017cnie\u0144 oraz mediator pojednawczy zdoby\u0142am w ramach Podyplomowego Studium Relacji Interpersonalnych i Profilaktyki Uzale\u017cnie\u0144 na Wydziale Psychologii Chrze\u015bcija\u0144skiej Uniwersytetu Kardyna\u0142a Stefana Wyszy\u0144skiego w Warszawie. W 2023 roku uko\u0144czy\u0142am Studium Terapii Par w Dolno\u015bl\u0105skim Centrum Psychoterapii, kt\u00f3re przybli\u017cy\u0142o mi tematyk\u0119 specjalistycznej pomocy parom i ma\u0142\u017ce\u0144stwom w szeroko rozumianym kryzysie relacji.<\/p>\n<p style=\"text-align: center;\">Pracuj\u0119 w poradnictwie rodzinnym od 2008 roku. Swoje do\u015bwiadczenie zdobywa\u0142am w Specjalistycznych Poradniach Rodzinnych przy kilku parafiach we Wroc\u0142awiu. Od kilku lat jestem zwi\u0105zana z Fundacj\u0105 Evangelium Vitae, gdzie prowadz\u0119 warsztaty grupowe dla ma\u0142\u017conk\u00f3w i rodzic\u00f3w o charakterze profilaktycznym oraz zaj\u0119cia grupowe dla m\u0142odych mam oraz senior\u00f3w. Wraz z m\u0119\u017cem, Krzysztofem, stworzyli\u015bmy autorskie warsztaty dla ma\u0142\u017conk\u00f3w wzmacniaj\u0105ce wi\u0119\u017a oraz pomagaj\u0105ce w piel\u0119gnowaniu mi\u0142o\u015bci na codzie\u0144, kt\u00f3re z powodzeniem realizujemy od 2017 roku. Do tej pory z naszych \u201eRandek ma\u0142\u017ce\u0144skich\u201d skorzysta\u0142o ponad 200 ma\u0142\u017ce\u0144stw.<\/p>\n<p style=\"text-align: center;\">Jako profilaktyk uzale\u017cnie\u0144 stworzy\u0142am autorski program warsztat\u00f3w dla rodzic\u00f3w nastolatk\u00f3w z cyklu \u201ePrze\u017bY\u0106 z nastolatkiem\u201d, w ramach kt\u00f3rego uczestnicy nabywaj\u0105 umiej\u0119tno\u015bci budowania dobrych relacji z m\u0142odzie\u017c\u0105 oraz wiedz\u0119 na temat ochrony przed uzale\u017cnieniami od nowoczesnych technologii.<\/p>\n<p style=\"text-align: center;\">W Poradni Rodzinnej oferuj\u0119 poradnictwo indywidualne w zakresie:<\/p>\n<p style=\"text-align: center;\">\u2013 wsparcia ma\u0142\u017ce\u0144stw do\u015bwiadczaj\u0105cych kryzysu i zagro\u017conych rozwodem,<br \/>\u2013 nauki skutecznych metod komunikacji i rozwi\u0105zywania konflikt\u00f3w,<br \/>\u2013 wsparcia rodzic\u00f3w prze\u017cywaj\u0105cych problemy wychowawcze, zw\u0142aszcza z nastolatkami,<br \/>\u2013 problem\u00f3w osobistych zwi\u0105zanych z hierarchi\u0105 warto\u015bci, wa\u017cno\u015bci os\u00f3b, organizacji \u017cycia, stawiania granic w relacjach,<br \/>\u2013 mechanizm\u00f3w uzale\u017cnie\u0144 behewioralnych i ich skutk\u00f3w spo\u0142ecznych w ka\u017cdej grupie wiekowej,<br \/>\u2013 syndrom\u00f3w DDA, DDD, wsp\u00f3\u0142uzale\u017cnienia w rodzinie.<\/p>\n<p style=\"text-align: center;\">Prowadz\u0119 profesjonalne mediacje ma\u0142\u017ce\u0144skie i rodzinne, zgodne ze ze Standardami prowadzenia mediacji i post\u0119powania mediatora uchwalonymi w 2006 roku przez Spo\u0142eczn\u0105 Rad\u0119 d\/s Alternatywnych Metod Rozwi\u0105zywania Konflikt\u00f3w i Spor\u00f3w przy Ministrze Sprawiedliwo\u015bci.<\/p>\n<p style=\"text-align: center;\">Jestem szcz\u0119\u015bliw\u0105 \u017con\u0105 i mam\u0105 tr\u00f3jki dzieci w wieku szkolnym.<\/p>\n<p>&nbsp;<\/p>\n<p style=\"text-align: center;\"><strong>Kontakt:<\/strong><\/p>\n<p style=\"text-align: center;\"><span style=\"color: #d4ed66;\">E-mail: <strong>umilowani@umilowani.pl<\/strong><\/span><\/p>\n<p>&nbsp;<\/p>\n<p>[\/et_pb_slide][\/et_pb_slider][et_pb_slider disabled_on=&#8221;off|off|off&#8221; admin_label=&#8221;Slider&#8221; _builder_version=&#8221;4.9.3&#8243; background_enable_image=&#8221;off&#8221; content_max_width=&#8221;1500px&#8221; custom_padding=&#8221;|||&#8221; custom_padding_tablet=&#8221;|||&#8221; custom_padding_phone=&#8221;|||&#8221; remove_inner_shadow=&#8221;on&#8221; hide_content_on_mobile=&#8221;off&#8221; hide_cta_on_mobile=&#8221;off&#8221; show_inner_shadow=&#8221;off&#8221; button_letter_spacing_hover=&#8221;0&#8243; button_text_size__hover_enabled=&#8221;off&#8221; button_one_text_size__hover_enabled=&#8221;off&#8221; button_two_text_size__hover_enabled=&#8221;off&#8221; button_text_color__hover_enabled=&#8221;off&#8221; button_one_text_color__hover_enabled=&#8221;off&#8221; button_two_text_color__hover_enabled=&#8221;off&#8221; button_border_width__hover_enabled=&#8221;off&#8221; button_one_border_width__hover_enabled=&#8221;off&#8221; button_two_border_width__hover_enabled=&#8221;off&#8221; button_border_color__hover_enabled=&#8221;off&#8221; button_one_border_color__hover_enabled=&#8221;off&#8221; button_two_border_color__hover_enabled=&#8221;off&#8221; button_border_radius__hover_enabled=&#8221;off&#8221; button_one_border_radius__hover_enabled=&#8221;off&#8221; button_two_border_radius__hover_enabled=&#8221;off&#8221; button_letter_spacing__hover_enabled=&#8221;on&#8221; button_letter_spacing__hover=&#8221;0&#8243; button_one_letter_spacing__hover_enabled=&#8221;off&#8221; button_two_letter_spacing__hover_enabled=&#8221;off&#8221; button_bg_color__hover_enabled=&#8221;off&#8221; button_one_bg_color__hover_enabled=&#8221;off&#8221; button_two_bg_color__hover_enabled=&#8221;off&#8221;][et_pb_slide use_bg_overlay=&#8221;off&#8221; use_text_overlay=&#8221;on&#8221; text_overlay_color=&#8221;rgba(0,0,0,0.6)&#8221; _builder_version=&#8221;4.9.3&#8243; header_font=&#8221;||||&#8221; header_line_height=&#8221;2em&#8221; body_font=&#8221;||||&#8221; background_color=&#8221;rgba(255,255,255,0)&#8221; background_image=&#8221;https:\/\/umilowani.pl\/wp-content\/uploads\/2022\/12\/Beznazwy-24.jpg&#8221; background_enable_image=&#8221;on&#8221; button_icon_placement=&#8221;right&#8221; button_on_hover=&#8221;on&#8221; header_font_size_tablet=&#8221;&#8221; header_font_size_phone=&#8221;&#8221; header_font_size_last_edited=&#8221;on|desktop&#8221; header_line_height_tablet=&#8221;2em&#8221; header_line_height_phone=&#8221;2em&#8221; header_line_height_last_edited=&#8221;on|desktop&#8221; body_font_size_tablet=&#8221;&#8221; body_font_size_phone=&#8221;&#8221; body_font_size_last_edited=&#8221;on|phone&#8221; body_line_height_tablet=&#8221;&#8221; body_line_height_phone=&#8221;&#8221; body_line_height_last_edited=&#8221;on|phone&#8221; button_text_size__hover_enabled=&#8221;off&#8221; button_one_text_size__hover_enabled=&#8221;off&#8221; button_two_text_size__hover_enabled=&#8221;off&#8221; button_text_color__hover_enabled=&#8221;off&#8221; button_one_text_color__hover_enabled=&#8221;off&#8221; button_two_text_color__hover_enabled=&#8221;off&#8221; button_border_width__hover_enabled=&#8221;off&#8221; button_one_border_width__hover_enabled=&#8221;off&#8221; button_two_border_width__hover_enabled=&#8221;off&#8221; button_border_color__hover_enabled=&#8221;off&#8221; button_one_border_color__hover_enabled=&#8221;off&#8221; button_two_border_color__hover_enabled=&#8221;off&#8221; button_border_radius__hover_enabled=&#8221;off&#8221; button_one_border_radius__hover_enabled=&#8221;off&#8221; button_two_border_radius__hover_enabled=&#8221;off&#8221; button_letter_spacing__hover_enabled=&#8221;off&#8221; button_one_letter_spacing__hover_enabled=&#8221;off&#8221; button_two_letter_spacing__hover_enabled=&#8221;off&#8221; button_bg_color__hover_enabled=&#8221;off&#8221; button_one_bg_color__hover_enabled=&#8221;off&#8221; button_two_bg_color__hover_enabled=&#8221;off&#8221; sticky_transition=&#8221;on&#8221;]<\/p>\n<p>&nbsp;<\/p>\n<div class=\"et_pb_module et_pb_text et_pb_text_0  et_pb_text_align_left et_pb_bg_layout_light\">\n<p class=\"et_pb_text_inner\" style=\"text-align: center;\"><strong>PRAKTYKA I DO\u015aWIADCZENIE<\/strong><\/p>\n<\/div>\n<p>&nbsp;<\/p>\n<p>[\/et_pb_slide][\/et_pb_slider][et_pb_number_counter title=&#8221;GODZINY INDYWIDUALNYCH KONSULTACJI &#8221; number=&#8221;1224&#8243; percent_sign=&#8221;off&#8221; counter_color=&#8221;#e00b00&#8243; admin_label=&#8221;Licznik w formie liczby&#8221; _builder_version=&#8221;4.9.3&#8243; title_font_size=&#8221;14px&#8221; title_line_height=&#8221;2em&#8221; number_text_color=&#8221;#d4ed66&#8243; number_font_size=&#8221;30px&#8221; number_line_height=&#8221;100px&#8221; background_size=&#8221;initial&#8221; background_position=&#8221;top_left&#8221; background_repeat=&#8221;repeat&#8221; use_border_color=&#8221;off&#8221; border_color=&#8221;#e02b20&#8243; border_style=&#8221;ridge&#8221;]&nbsp;<br \/>\n[\/et_pb_number_counter][et_pb_number_counter title=&#8221;CYKLI WARSZTAT\u00d3W DLA MA\u0141\u017bONK\u00d3W, RODZIC\u00d3W I OS\u00d3B DOROS\u0141YCH&#8221; number=&#8221;51&#8243; percent_sign=&#8221;off&#8221; counter_color=&#8221;#e00b00&#8243; admin_label=&#8221;Licznik w formie liczby&#8221; _builder_version=&#8221;4.9.3&#8243; title_font_size=&#8221;14px&#8221; title_line_height=&#8221;2em&#8221; number_text_color=&#8221;#d4ed66&#8243; number_font_size=&#8221;30px&#8221; number_line_height=&#8221;100px&#8221; background_size=&#8221;initial&#8221; background_position=&#8221;top_left&#8221; background_repeat=&#8221;repeat&#8221; use_border_color=&#8221;off&#8221; border_color=&#8221;#000000&#8243; border_style=&#8221;solid&#8221;]&nbsp;<br \/>\n[\/et_pb_number_counter][et_pb_number_counter title=&#8221;GODZIN WARSZTAT\u00d3W DLA MA\u0141\u017bONK\u00d3W, RODZIC\u00d3W I OS\u00d3B DOROS\u0141YCH&#8221; number=&#8221;846&#8243; percent_sign=&#8221;off&#8221; counter_color=&#8221;#e00b00&#8243; admin_label=&#8221;Licznik w formie liczby&#8221; _builder_version=&#8221;4.9.3&#8243; title_font_size=&#8221;14px&#8221; title_line_height=&#8221;2em&#8221; number_text_color=&#8221;#d4ed66&#8243; number_font_size=&#8221;30px&#8221; number_line_height=&#8221;100px&#8221; background_size=&#8221;initial&#8221; background_position=&#8221;top_left&#8221; background_repeat=&#8221;repeat&#8221; use_border_color=&#8221;off&#8221; border_color=&#8221;#000000&#8243; border_style=&#8221;solid&#8221;]&nbsp;<br \/>\n[\/et_pb_number_counter][et_pb_number_counter title=&#8221;OS\u00d3B SKORZYSTA\u0141O Z WARSZTAT\u00d3W &#8221; number=&#8221;725&#8243; percent_sign=&#8221;off&#8221; counter_color=&#8221;#e00b00&#8243; admin_label=&#8221;Licznik w formie liczby&#8221; _builder_version=&#8221;4.9.3&#8243; title_font_size=&#8221;14px&#8221; title_line_height=&#8221;2em&#8221; number_text_color=&#8221;#d4ed66&#8243; number_font_size=&#8221;30px&#8221; number_line_height=&#8221;100px&#8221; background_size=&#8221;initial&#8221; background_position=&#8221;top_left&#8221; background_repeat=&#8221;repeat&#8221; use_border_color=&#8221;off&#8221; border_color=&#8221;#000000&#8243; border_style=&#8221;solid&#8221;]&nbsp;<br \/>\n[\/et_pb_number_counter][et_pb_number_counter title=&#8221;SPOTKA\u0143 O TEMATYCE MA\u0141\u017bE\u0143SKIEJ&#8221; number=&#8221;20&#8243; percent_sign=&#8221;off&#8221; counter_color=&#8221;#e00b00&#8243; admin_label=&#8221;Licznik w formie liczby&#8221; _builder_version=&#8221;4.9.3&#8243; title_font_size=&#8221;14px&#8221; title_line_height=&#8221;2em&#8221; number_text_color=&#8221;#d4ed66&#8243; number_font_size=&#8221;30px&#8221; number_line_height=&#8221;100px&#8221; background_size=&#8221;initial&#8221; background_position=&#8221;top_left&#8221; background_repeat=&#8221;repeat&#8221; use_border_color=&#8221;off&#8221; border_color=&#8221;#000000&#8243; border_style=&#8221;solid&#8221;]&nbsp;<br \/>\n[\/et_pb_number_counter][\/et_pb_column][\/et_pb_row][\/et_pb_section][et_pb_section fb_built=&#8221;1&#8243; disabled_on=&#8221;on|on|on&#8221; admin_label=&#8221;section&#8221; _builder_version=&#8221;3.22&#8243; disabled=&#8221;on&#8221;][et_pb_row padding_mobile=&#8221;off&#8221; column_padding_mobile=&#8221;on&#8221; admin_label=&#8221;row&#8221; _builder_version=&#8221;4.9.3&#8243; background_size=&#8221;initial&#8221; background_position=&#8221;top_left&#8221; background_repeat=&#8221;repeat&#8221; max_width=&#8221;90%&#8221; make_fullwidth=&#8221;off&#8221; use_custom_width=&#8221;on&#8221; width_unit=&#8221;off&#8221; custom_width_percent=&#8221;90%&#8221;][et_pb_column type=&#8221;4_4&#8243; _builder_version=&#8221;3.25&#8243; custom_padding=&#8221;|||&#8221; custom_padding__hover=&#8221;|||&#8221;][et_pb_team_member image_url=&#8221;https:\/\/umilowani.pl\/wp-content\/uploads\/2024\/02\/Do-postu_Ania.jpg&#8221; _builder_version=&#8221;4.9.3&#8243; _module_preset=&#8221;default&#8221; header_text_color=&#8221;#5b8500&#8243; position_text_color=&#8221;#5b8500&#8243; text_orientation=&#8221;left&#8221; border_width_all_image=&#8221;1px&#8221; border_color_all_image=&#8221;#5b8500&#8243;][\/et_pb_team_member][et_pb_team_member name=&#8221;mgr ANNA STRUG&#8221; position=&#8221;Doradca rodzinny, Profilaktyk uzale\u017cnie\u0144, Mediator rodzinny, Socjolog&#8221; _builder_version=&#8221;4.9.3&#8243; _module_preset=&#8221;default&#8221; header_text_color=&#8221;#5b8500&#8243; position_text_color=&#8221;#5b8500&#8243; text_orientation=&#8221;left&#8221; border_width_all_image=&#8221;1px&#8221; border_color_all_image=&#8221;#5b8500&#8243;]<\/p>\n<p>&nbsp;<\/p>\n<p><span style=\"color: #5b8500;\"><strong>Kontakt:<\/strong><\/span><br \/><span style=\"color: #5b8500;\">E-mail: <strong>umilowani@umilowani.pl<\/strong><\/span><\/p>\n<p>&nbsp;<\/p>\n<p>Uko\u0144czy\u0142am studia magisterskie z zakresu socjologii (specjalno\u015b\u0107: s\u0142u\u017cby socjalne) na Uniwersytecie Wroc\u0142awskim oraz Podyplomowe Studia Nauk o Rodzinie na Papieskim Wydziale Teologicznym we Wroc\u0142awiu. Uprawnienia do pracy jako profilaktyk uzale\u017cnie\u0144 oraz mediator pojednawczy zdoby\u0142am w ramach Podyplomowego Studium Relacji Interpersonalnych i Profilaktyki Uzale\u017cnie\u0144 na Wydziale Psychologii Chrze\u015bcija\u0144skiej Uniwersytetu Kardyna\u0142a Stefana Wyszy\u0144skiego w Warszawie. W 2023 roku uko\u0144czy\u0142am Studium Terapii Par w Dolno\u015bl\u0105skim Centrum Psychoterapii, kt\u00f3re przybli\u017cy\u0142o mi tematyk\u0119 specjalistycznej pomocy parom i ma\u0142\u017ce\u0144stwom w szeroko rozumianym kryzysie relacji.<\/p>\n<p>Pracuj\u0119 w poradnictwie rodzinnym od 2008 roku. Swoje do\u015bwiadczenie zdobywa\u0142am w Specjalistycznych Poradniach Rodzinnych przy kilku parafiach we Wroc\u0142awiu. Od kilku lat jestem zwi\u0105zana z Fundacj\u0105 Evangelium Vitae, gdzie prowadz\u0119 warsztaty grupowe dla ma\u0142\u017conk\u00f3w i rodzic\u00f3w o charakterze profilaktycznym oraz zaj\u0119cia grupowe dla m\u0142odych mam oraz senior\u00f3w. Wraz z m\u0119\u017cem, Krzysztofem, stworzyli\u015bmy autorskie warsztaty dla ma\u0142\u017conk\u00f3w wzmacniaj\u0105ce wi\u0119\u017a oraz pomagaj\u0105ce w piel\u0119gnowaniu mi\u0142o\u015bci na codzie\u0144, kt\u00f3re z powodzeniem realizujemy od 2017 roku. Do tej pory z naszych \u201eRandek ma\u0142\u017ce\u0144skich\u201d skorzysta\u0142o ponad 200 ma\u0142\u017ce\u0144stw.<\/p>\n<p>Jako profilaktyk uzale\u017cnie\u0144 stworzy\u0142am autorski program warsztat\u00f3w dla rodzic\u00f3w nastolatk\u00f3w z cyklu \u201ePrze\u017bY\u0106 z nastolatkiem\u201d, w ramach kt\u00f3rego uczestnicy nabywaj\u0105 umiej\u0119tno\u015bci budowania dobrych relacji z m\u0142odzie\u017c\u0105 oraz wiedz\u0119 na temat ochrony przed uzale\u017cnieniami od nowoczesnych technologii.<\/p>\n<p>W Poradni Rodzinnej oferuj\u0119 poradnictwo indywidualne w zakresie:<\/p>\n<p>\u2013 wsparcia ma\u0142\u017ce\u0144stw do\u015bwiadczaj\u0105cych kryzysu i zagro\u017conych rozwodem,<br \/>\u2013 nauki skutecznych metod komunikacji i rozwi\u0105zywania konflikt\u00f3w,<br \/>\u2013 wsparcia rodzic\u00f3w prze\u017cywaj\u0105cych problemy wychowawcze, zw\u0142aszcza z nastolatkami,<br \/>\u2013 problem\u00f3w osobistych zwi\u0105zanych z hierarchi\u0105 warto\u015bci, wa\u017cno\u015bci os\u00f3b, organizacji \u017cycia, stawiania granic w relacjach,<br \/>\u2013 mechanizm\u00f3w uzale\u017cnie\u0144 behewioralnych i ich skutk\u00f3w spo\u0142ecznych w ka\u017cdej grupie wiekowej,<br \/>\u2013 syndrom\u00f3w DDA, DDD, wsp\u00f3\u0142uzale\u017cnienia w rodzinie.<\/p>\n<p>Prowadz\u0119 profesjonalne mediacje ma\u0142\u017ce\u0144skie i rodzinne, zgodne ze ze Standardami prowadzenia mediacji i post\u0119powania mediatora uchwalonymi w 2006 roku przez Spo\u0142eczn\u0105 Rad\u0119 d\/s Alternatywnych Metod Rozwi\u0105zywania Konflikt\u00f3w i Spor\u00f3w przy Ministrze Sprawiedliwo\u015bci.<\/p>\n<p>Jestem szcz\u0119\u015bliw\u0105 \u017con\u0105 i mam\u0105 tr\u00f3jki dzieci w wieku szkolnym.<\/p>\n<p>[\/et_pb_team_member][et_pb_text _builder_version=&#8221;4.9.3&#8243; _module_preset=&#8221;default&#8221;]<\/p>\n<h2 style=\"text-align: center;\"><span style=\"color: #5b8500;\"><strong>PRAKTYKA I DO\u015aWIADCZENIE<\/strong><\/span><\/h2>\n<p>[\/et_pb_text][\/et_pb_column][\/et_pb_row][et_pb_row column_structure=&#8221;1_5,1_5,1_5,1_5,1_5&#8243; _builder_version=&#8221;4.9.3&#8243; _module_preset=&#8221;default&#8221; border_width_all=&#8221;1px&#8221; border_color_all=&#8221;#5B8500&#8243; box_shadow_style=&#8221;preset6&#8243; box_shadow_blur=&#8221;35px&#8221;][et_pb_column type=&#8221;1_5&#8243; _builder_version=&#8221;4.9.3&#8243; _module_preset=&#8221;default&#8221;][et_pb_number_counter title=&#8221;GODZINY INDYWIDUALNYCH KONSULTACJI &#8221; number=&#8221;1224&#8243; percent_sign=&#8221;off&#8221; counter_color=&#8221;#e00b00&#8243; admin_label=&#8221;Licznik w formie liczby&#8221; _builder_version=&#8221;4.9.3&#8243; title_font_size=&#8221;12px&#8221; title_line_height=&#8221;2em&#8221; number_text_color=&#8221;#5B8500&#8243; number_font_size=&#8221;25px&#8221; number_line_height=&#8221;100px&#8221; background_size=&#8221;initial&#8221; background_position=&#8221;top_left&#8221; background_repeat=&#8221;repeat&#8221; use_border_color=&#8221;off&#8221; border_color=&#8221;#e02b20&#8243; border_style=&#8221;ridge&#8221;]&nbsp;<br \/>\n[\/et_pb_number_counter][\/et_pb_column][et_pb_column type=&#8221;1_5&#8243; _builder_version=&#8221;4.9.3&#8243; _module_preset=&#8221;default&#8221;][et_pb_number_counter title=&#8221;CYKLI WARSZTAT\u00d3W DLA MA\u0141\u017bONK\u00d3W, RODZIC\u00d3W I OS\u00d3B DOROS\u0141YCH&#8221; number=&#8221;49&#8243; percent_sign=&#8221;off&#8221; counter_color=&#8221;#e00b00&#8243; admin_label=&#8221;Licznik w formie liczby&#8221; _builder_version=&#8221;4.9.3&#8243; title_font_size=&#8221;12px&#8221; title_line_height=&#8221;2em&#8221; number_text_color=&#8221;#5b8500&#8243; number_font_size=&#8221;25px&#8221; number_line_height=&#8221;100px&#8221; background_size=&#8221;initial&#8221; background_position=&#8221;top_left&#8221; background_repeat=&#8221;repeat&#8221; use_border_color=&#8221;off&#8221; border_color=&#8221;#000000&#8243; border_style=&#8221;solid&#8221;]&nbsp;<br \/>\n[\/et_pb_number_counter][\/et_pb_column][et_pb_column type=&#8221;1_5&#8243; _builder_version=&#8221;4.9.3&#8243; _module_preset=&#8221;default&#8221;][et_pb_number_counter title=&#8221;GODZIN WARSZTAT\u00d3W DLA MA\u0141\u017bONK\u00d3W, RODZIC\u00d3W I OS\u00d3B DOROS\u0141YCH&#8221; number=&#8221;814&#8243; percent_sign=&#8221;off&#8221; counter_color=&#8221;#e00b00&#8243; admin_label=&#8221;Licznik w formie liczby&#8221; _builder_version=&#8221;4.9.3&#8243; title_font_size=&#8221;12px&#8221; title_line_height=&#8221;2em&#8221; number_text_color=&#8221;#5b8500&#8243; number_font_size=&#8221;25px&#8221; number_line_height=&#8221;100px&#8221; background_size=&#8221;initial&#8221; background_position=&#8221;top_left&#8221; background_repeat=&#8221;repeat&#8221; use_border_color=&#8221;off&#8221; border_color=&#8221;#000000&#8243; border_style=&#8221;solid&#8221;]&nbsp;<br \/>\n[\/et_pb_number_counter][\/et_pb_column][et_pb_column type=&#8221;1_5&#8243; _builder_version=&#8221;4.9.3&#8243; _module_preset=&#8221;default&#8221;][et_pb_number_counter title=&#8221;OS\u00d3B SKORZYSTA\u0141O Z WARSZTAT\u00d3W &#8221; number=&#8221;715&#8243; percent_sign=&#8221;off&#8221; counter_color=&#8221;#e00b00&#8243; admin_label=&#8221;Licznik w formie liczby&#8221; _builder_version=&#8221;4.9.3&#8243; title_font_size=&#8221;12px&#8221; title_line_height=&#8221;2em&#8221; number_text_color=&#8221;#5b8500&#8243; number_font_size=&#8221;25px&#8221; number_line_height=&#8221;100px&#8221; background_size=&#8221;initial&#8221; background_position=&#8221;top_left&#8221; background_repeat=&#8221;repeat&#8221; use_border_color=&#8221;off&#8221; border_color=&#8221;#000000&#8243; border_style=&#8221;solid&#8221;]&nbsp;<br \/>\n[\/et_pb_number_counter][\/et_pb_column][et_pb_column type=&#8221;1_5&#8243; _builder_version=&#8221;4.9.3&#8243; _module_preset=&#8221;default&#8221;][et_pb_number_counter title=&#8221;SPOTKA\u0143 O TEMATYCE MA\u0141\u017bE\u0143SKIEJ&#8221; number=&#8221;20&#8243; percent_sign=&#8221;off&#8221; counter_color=&#8221;#e00b00&#8243; admin_label=&#8221;Licznik w formie liczby&#8221; _builder_version=&#8221;4.9.3&#8243; title_font_size=&#8221;12px&#8221; title_line_height=&#8221;2em&#8221; number_text_color=&#8221;#5b8500&#8243; number_font_size=&#8221;25px&#8221; number_line_height=&#8221;100px&#8221; background_size=&#8221;initial&#8221; background_position=&#8221;top_left&#8221; background_repeat=&#8221;repeat&#8221; use_border_color=&#8221;off&#8221; border_color=&#8221;#000000&#8243; border_style=&#8221;solid&#8221;]&nbsp;<br \/>\n[\/et_pb_number_counter][\/et_pb_column][\/et_pb_row][\/et_pb_section][et_pb_section fb_built=&#8221;1&#8243; disabled_on=&#8221;on|on|on&#8221; admin_label=&#8221;section&#8221; _builder_version=&#8221;3.22&#8243; disabled=&#8221;on&#8221;][et_pb_row column_structure=&#8221;1_3,2_3&#8243; padding_mobile=&#8221;off&#8221; column_padding_mobile=&#8221;on&#8221; admin_label=&#8221;row&#8221; _builder_version=&#8221;4.9.3&#8243; background_size=&#8221;initial&#8221; background_position=&#8221;top_left&#8221; background_repeat=&#8221;repeat&#8221; max_width=&#8221;90%&#8221; make_fullwidth=&#8221;off&#8221; use_custom_width=&#8221;on&#8221; width_unit=&#8221;off&#8221; custom_width_percent=&#8221;90%&#8221;][et_pb_column type=&#8221;1_3&#8243; _builder_version=&#8221;3.25&#8243; custom_padding=&#8221;|||&#8221; custom_padding__hover=&#8221;|||&#8221;][et_pb_team_member image_url=&#8221;https:\/\/umilowani.pl\/wp-content\/uploads\/2024\/02\/Do-postu_Ania.jpg&#8221; _builder_version=&#8221;4.9.3&#8243; _module_preset=&#8221;default&#8221; header_text_color=&#8221;#5b8500&#8243; position_text_color=&#8221;#5b8500&#8243; text_orientation=&#8221;left&#8221; border_width_all_image=&#8221;1px&#8221; border_color_all_image=&#8221;#5b8500&#8243;][\/et_pb_team_member][et_pb_text _builder_version=&#8221;4.9.3&#8243; _module_preset=&#8221;default&#8221;]<\/p>\n<h3 style=\"text-align: center;\"><strong>DO\u015aWIADCZENIE<\/strong><\/h3>\n<p>[\/et_pb_text][et_pb_number_counter title=&#8221;GODZINY INDYWIDUALNYCH KONSULTACJI &#8221; number=&#8221;1224&#8243; percent_sign=&#8221;off&#8221; counter_color=&#8221;#e00b00&#8243; admin_label=&#8221;Licznik w formie liczby&#8221; _builder_version=&#8221;4.9.3&#8243; title_font_size=&#8221;14px&#8221; title_line_height=&#8221;2em&#8221; number_text_color=&#8221;#d4ed66&#8243; number_font_size=&#8221;30px&#8221; number_line_height=&#8221;100px&#8221; background_size=&#8221;initial&#8221; background_position=&#8221;top_left&#8221; background_repeat=&#8221;repeat&#8221; use_border_color=&#8221;off&#8221; border_color=&#8221;#e02b20&#8243; border_style=&#8221;ridge&#8221;]&nbsp;<br \/>\n[\/et_pb_number_counter][et_pb_number_counter title=&#8221;CYKLI WARSZTAT\u00d3W DLA MA\u0141\u017bONK\u00d3W, RODZIC\u00d3W I OS\u00d3B DOROS\u0141YCH&#8221; number=&#8221;51&#8243; percent_sign=&#8221;off&#8221; counter_color=&#8221;#e00b00&#8243; admin_label=&#8221;Licznik w formie liczby&#8221; _builder_version=&#8221;4.9.3&#8243; title_font_size=&#8221;14px&#8221; title_line_height=&#8221;2em&#8221; number_text_color=&#8221;#d4ed66&#8243; number_font_size=&#8221;30px&#8221; number_line_height=&#8221;100px&#8221; background_size=&#8221;initial&#8221; background_position=&#8221;top_left&#8221; background_repeat=&#8221;repeat&#8221; use_border_color=&#8221;off&#8221; border_color=&#8221;#000000&#8243; border_style=&#8221;solid&#8221;]&nbsp;<br \/>\n[\/et_pb_number_counter][et_pb_number_counter title=&#8221;GODZIN WARSZTAT\u00d3W DLA MA\u0141\u017bONK\u00d3W, RODZIC\u00d3W I OS\u00d3B DOROS\u0141YCH&#8221; number=&#8221;846&#8243; percent_sign=&#8221;off&#8221; counter_color=&#8221;#e00b00&#8243; admin_label=&#8221;Licznik w formie liczby&#8221; _builder_version=&#8221;4.9.3&#8243; title_font_size=&#8221;14px&#8221; title_line_height=&#8221;2em&#8221; number_text_color=&#8221;#d4ed66&#8243; number_font_size=&#8221;30px&#8221; number_line_height=&#8221;100px&#8221; background_size=&#8221;initial&#8221; background_position=&#8221;top_left&#8221; background_repeat=&#8221;repeat&#8221; use_border_color=&#8221;off&#8221; border_color=&#8221;#000000&#8243; border_style=&#8221;solid&#8221;]&nbsp;<br \/>\n[\/et_pb_number_counter][et_pb_number_counter title=&#8221;OS\u00d3B SKORZYSTA\u0141O Z WARSZTAT\u00d3W &#8221; number=&#8221;725&#8243; percent_sign=&#8221;off&#8221; counter_color=&#8221;#e00b00&#8243; admin_label=&#8221;Licznik w formie liczby&#8221; _builder_version=&#8221;4.9.3&#8243; title_font_size=&#8221;14px&#8221; title_line_height=&#8221;2em&#8221; number_text_color=&#8221;#d4ed66&#8243; number_font_size=&#8221;30px&#8221; number_line_height=&#8221;100px&#8221; background_size=&#8221;initial&#8221; background_position=&#8221;top_left&#8221; background_repeat=&#8221;repeat&#8221; use_border_color=&#8221;off&#8221; border_color=&#8221;#000000&#8243; border_style=&#8221;solid&#8221;]&nbsp;<br \/>\n[\/et_pb_number_counter][et_pb_number_counter title=&#8221;SPOTKA\u0143 O TEMATYCE MA\u0141\u017bE\u0143SKIEJ&#8221; number=&#8221;20&#8243; percent_sign=&#8221;off&#8221; counter_color=&#8221;#e00b00&#8243; admin_label=&#8221;Licznik w formie liczby&#8221; _builder_version=&#8221;4.9.3&#8243; title_font_size=&#8221;14px&#8221; title_line_height=&#8221;2em&#8221; number_text_color=&#8221;#d4ed66&#8243; number_font_size=&#8221;30px&#8221; number_line_height=&#8221;100px&#8221; background_size=&#8221;initial&#8221; background_position=&#8221;top_left&#8221; background_repeat=&#8221;repeat&#8221; use_border_color=&#8221;off&#8221; border_color=&#8221;#000000&#8243; border_style=&#8221;solid&#8221;]&nbsp;<br \/>\n[\/et_pb_number_counter][\/et_pb_column][et_pb_column type=&#8221;2_3&#8243; _builder_version=&#8221;3.25&#8243; custom_padding=&#8221;|||&#8221; custom_padding__hover=&#8221;|||&#8221;][et_pb_slider disabled_on=&#8221;off|off|off&#8221; admin_label=&#8221;Slider&#8221; _builder_version=&#8221;4.9.3&#8243; background_enable_image=&#8221;off&#8221; content_max_width=&#8221;1500px&#8221; custom_padding=&#8221;|||&#8221; custom_padding_tablet=&#8221;|||&#8221; custom_padding_phone=&#8221;|||&#8221; remove_inner_shadow=&#8221;on&#8221; hide_content_on_mobile=&#8221;off&#8221; hide_cta_on_mobile=&#8221;off&#8221; show_inner_shadow=&#8221;off&#8221; button_letter_spacing_hover=&#8221;0&#8243; button_text_size__hover_enabled=&#8221;off&#8221; button_one_text_size__hover_enabled=&#8221;off&#8221; button_two_text_size__hover_enabled=&#8221;off&#8221; button_text_color__hover_enabled=&#8221;off&#8221; button_one_text_color__hover_enabled=&#8221;off&#8221; button_two_text_color__hover_enabled=&#8221;off&#8221; button_border_width__hover_enabled=&#8221;off&#8221; button_one_border_width__hover_enabled=&#8221;off&#8221; button_two_border_width__hover_enabled=&#8221;off&#8221; button_border_color__hover_enabled=&#8221;off&#8221; button_one_border_color__hover_enabled=&#8221;off&#8221; button_two_border_color__hover_enabled=&#8221;off&#8221; button_border_radius__hover_enabled=&#8221;off&#8221; button_one_border_radius__hover_enabled=&#8221;off&#8221; button_two_border_radius__hover_enabled=&#8221;off&#8221; button_letter_spacing__hover_enabled=&#8221;on&#8221; button_letter_spacing__hover=&#8221;0&#8243; button_one_letter_spacing__hover_enabled=&#8221;off&#8221; button_two_letter_spacing__hover_enabled=&#8221;off&#8221; button_bg_color__hover_enabled=&#8221;off&#8221; button_one_bg_color__hover_enabled=&#8221;off&#8221; button_two_bg_color__hover_enabled=&#8221;off&#8221;][et_pb_slide use_bg_overlay=&#8221;off&#8221; use_text_overlay=&#8221;on&#8221; text_overlay_color=&#8221;rgba(0,0,0,0.6)&#8221; _builder_version=&#8221;4.9.3&#8243; header_font=&#8221;||||&#8221; header_line_height=&#8221;2em&#8221; body_font=&#8221;||||&#8221; background_color=&#8221;rgba(255,255,255,0)&#8221; background_image=&#8221;https:\/\/umilowani.pl\/wp-content\/uploads\/2022\/12\/Beznazwy-24.jpg&#8221; background_enable_image=&#8221;on&#8221; button_icon_placement=&#8221;right&#8221; button_on_hover=&#8221;on&#8221; header_font_size_tablet=&#8221;&#8221; header_font_size_phone=&#8221;&#8221; header_font_size_last_edited=&#8221;on|desktop&#8221; header_line_height_tablet=&#8221;2em&#8221; header_line_height_phone=&#8221;2em&#8221; header_line_height_last_edited=&#8221;on|desktop&#8221; body_font_size_tablet=&#8221;&#8221; body_font_size_phone=&#8221;&#8221; body_font_size_last_edited=&#8221;on|phone&#8221; body_line_height_tablet=&#8221;&#8221; body_line_height_phone=&#8221;&#8221; body_line_height_last_edited=&#8221;on|phone&#8221; button_text_size__hover_enabled=&#8221;off&#8221; button_one_text_size__hover_enabled=&#8221;off&#8221; button_two_text_size__hover_enabled=&#8221;off&#8221; button_text_color__hover_enabled=&#8221;off&#8221; button_one_text_color__hover_enabled=&#8221;off&#8221; button_two_text_color__hover_enabled=&#8221;off&#8221; button_border_width__hover_enabled=&#8221;off&#8221; button_one_border_width__hover_enabled=&#8221;off&#8221; button_two_border_width__hover_enabled=&#8221;off&#8221; button_border_color__hover_enabled=&#8221;off&#8221; button_one_border_color__hover_enabled=&#8221;off&#8221; button_two_border_color__hover_enabled=&#8221;off&#8221; button_border_radius__hover_enabled=&#8221;off&#8221; button_one_border_radius__hover_enabled=&#8221;off&#8221; button_two_border_radius__hover_enabled=&#8221;off&#8221; button_letter_spacing__hover_enabled=&#8221;off&#8221; button_one_letter_spacing__hover_enabled=&#8221;off&#8221; button_two_letter_spacing__hover_enabled=&#8221;off&#8221; button_bg_color__hover_enabled=&#8221;off&#8221; button_one_bg_color__hover_enabled=&#8221;off&#8221; button_two_bg_color__hover_enabled=&#8221;off&#8221; sticky_transition=&#8221;on&#8221;]<\/p>\n<p>&nbsp;<\/p>\n<p style=\"text-align: center;\"><strong>mgr Anna Strug<br \/><\/strong><\/p>\n<p style=\"text-align: center;\"><span style=\"color: #d4ed66;\">Doradca rodzinny, Profilaktyk uzale\u017cnie\u0144, Mediator rodzinny, Socjolog<\/span><\/p>\n<p>&nbsp;<\/p>\n<p style=\"text-align: center;\">Uko\u0144czy\u0142am studia magisterskie z zakresu socjologii (specjalno\u015b\u0107: s\u0142u\u017cby socjalne) na Uniwersytecie Wroc\u0142awskim oraz Podyplomowe Studia Nauk o Rodzinie na Papieskim Wydziale Teologicznym we Wroc\u0142awiu. Uprawnienia do pracy jako profilaktyk uzale\u017cnie\u0144 oraz mediator pojednawczy zdoby\u0142am w ramach Podyplomowego Studium Relacji Interpersonalnych i Profilaktyki Uzale\u017cnie\u0144 na Wydziale Psychologii Chrze\u015bcija\u0144skiej Uniwersytetu Kardyna\u0142a Stefana Wyszy\u0144skiego w Warszawie. W 2023 roku uko\u0144czy\u0142am Studium Terapii Par w Dolno\u015bl\u0105skim Centrum Psychoterapii, kt\u00f3re przybli\u017cy\u0142o mi tematyk\u0119 specjalistycznej pomocy parom i ma\u0142\u017ce\u0144stwom w szeroko rozumianym kryzysie relacji.<\/p>\n<p style=\"text-align: center;\">Pracuj\u0119 w poradnictwie rodzinnym od 2008 roku. Swoje do\u015bwiadczenie zdobywa\u0142am w Specjalistycznych Poradniach Rodzinnych przy kilku parafiach we Wroc\u0142awiu. Od kilku lat jestem zwi\u0105zana z Fundacj\u0105 Evangelium Vitae, gdzie prowadz\u0119 warsztaty grupowe dla ma\u0142\u017conk\u00f3w i rodzic\u00f3w o charakterze profilaktycznym oraz zaj\u0119cia grupowe dla m\u0142odych mam oraz senior\u00f3w. Wraz z m\u0119\u017cem, Krzysztofem, stworzyli\u015bmy autorskie warsztaty dla ma\u0142\u017conk\u00f3w wzmacniaj\u0105ce wi\u0119\u017a oraz pomagaj\u0105ce w piel\u0119gnowaniu mi\u0142o\u015bci na codzie\u0144, kt\u00f3re z powodzeniem realizujemy od 2017 roku. Do tej pory z naszych \u201eRandek ma\u0142\u017ce\u0144skich\u201d skorzysta\u0142o ponad 200 ma\u0142\u017ce\u0144stw.<\/p>\n<p style=\"text-align: center;\">Jako profilaktyk uzale\u017cnie\u0144 stworzy\u0142am autorski program warsztat\u00f3w dla rodzic\u00f3w nastolatk\u00f3w z cyklu \u201ePrze\u017bY\u0106 z nastolatkiem\u201d, w ramach kt\u00f3rego uczestnicy nabywaj\u0105 umiej\u0119tno\u015bci budowania dobrych relacji z m\u0142odzie\u017c\u0105 oraz wiedz\u0119 na temat ochrony przed uzale\u017cnieniami od nowoczesnych technologii.<\/p>\n<p style=\"text-align: center;\">W Poradni Rodzinnej oferuj\u0119 poradnictwo indywidualne w zakresie:<\/p>\n<p style=\"text-align: center;\">\u2013 wsparcia ma\u0142\u017ce\u0144stw do\u015bwiadczaj\u0105cych kryzysu i zagro\u017conych rozwodem,<br \/>\u2013 nauki skutecznych metod komunikacji i rozwi\u0105zywania konflikt\u00f3w,<br \/>\u2013 wsparcia rodzic\u00f3w prze\u017cywaj\u0105cych problemy wychowawcze, zw\u0142aszcza z nastolatkami,<br \/>\u2013 problem\u00f3w osobistych zwi\u0105zanych z hierarchi\u0105 warto\u015bci, wa\u017cno\u015bci os\u00f3b, organizacji \u017cycia, stawiania granic w relacjach,<br \/>\u2013 mechanizm\u00f3w uzale\u017cnie\u0144 behewioralnych i ich skutk\u00f3w spo\u0142ecznych w ka\u017cdej grupie wiekowej,<br \/>\u2013 syndrom\u00f3w DDA, DDD, wsp\u00f3\u0142uzale\u017cnienia w rodzinie.<\/p>\n<p style=\"text-align: center;\">Prowadz\u0119 profesjonalne mediacje ma\u0142\u017ce\u0144skie i rodzinne, zgodne ze ze Standardami prowadzenia mediacji i post\u0119powania mediatora uchwalonymi w 2006 roku przez Spo\u0142eczn\u0105 Rad\u0119 d\/s Alternatywnych Metod Rozwi\u0105zywania Konflikt\u00f3w i Spor\u00f3w przy Ministrze Sprawiedliwo\u015bci.<\/p>\n<p style=\"text-align: center;\">Jestem szcz\u0119\u015bliw\u0105 \u017con\u0105 i mam\u0105 tr\u00f3jki dzieci w wieku szkolnym.<\/p>\n<p>&nbsp;<\/p>\n<p style=\"text-align: center;\"><strong>Kontakt:<\/strong><\/p>\n<p style=\"text-align: center;\"><span style=\"color: #d4ed66;\">E-mail: <strong>umilowani@umilowani.pl<\/strong><\/span><\/p>\n<p>&nbsp;<\/p>\n<p>[\/et_pb_slide][\/et_pb_slider][\/et_pb_column][\/et_pb_row][\/et_pb_section]<\/p>\n","protected":false},"excerpt":{"rendered":"<p>Doradca rodzinny, Profilaktyk uzale\u017cnie\u0144, Mediator, Socjolog<\/p>\n<p>Oferuj\u0119 pomoc w zakresie wsparcia ma\u0142\u017ce\u0144stw do\u015bwiadczaj\u0105cych kryzysu oraz pomagam rodzicom prze\u017cywaj\u0105cym problemy wychowawcze, zw\u0142aszcza z nastolatkami. Prowadz\u0119 warsztaty dla ma\u0142\u017conk\u00f3w i rodzic\u00f3w, jak r\u00f3wnie\u017c zaj\u0119cia dla m\u0142odych mam.<\/p>\n","protected":false},"author":1,"featured_media":0,"comment_status":"closed","ping_status":"closed","sticky":false,"template":"","format":"standard","meta":{"_et_pb_use_builder":"on","_et_pb_old_content":"","_et_gb_content_width":"","footnotes":""},"categories":[30],"tags":[],"class_list":["post-13835","post","type-post","status-publish","format-standard","hentry","category-ania"],"yoast_head":"<!-- This site is optimized with the Yoast SEO plugin v27.5 - https:\/\/yoast.com\/product\/yoast-seo-wordpress\/ -->\n<title>ANNA - UMILOWANI.PL<\/title>\n<meta name=\"description\" content=\"Anna: W Poradni Rodzinnej oferuj\u0119 poradnictwo indywidualne oraz mediacje ma\u0142\u017ce\u0144skie i rodzinne. Stworzy\u0142am autorskie warsztaty dla ma\u0142\u017conk\u00f3w.\" \/>\n<meta name=\"robots\" content=\"index, follow, max-snippet:-1, max-image-preview:large, max-video-preview:-1\" \/>\n<link rel=\"canonical\" href=\"https:\/\/umilowani.pl\/index.php\/2024\/02\/12\/anna\/\" \/>\n<meta property=\"og:locale\" content=\"pl_PL\" \/>\n<meta property=\"og:type\" content=\"article\" \/>\n<meta property=\"og:title\" content=\"ANNA - UMILOWANI.PL\" \/>\n<meta property=\"og:description\" content=\"Anna: W Poradni Rodzinnej oferuj\u0119 poradnictwo indywidualne oraz mediacje ma\u0142\u017ce\u0144skie i rodzinne. Stworzy\u0142am autorskie warsztaty dla ma\u0142\u017conk\u00f3w.\" \/>\n<meta property=\"og:url\" content=\"https:\/\/umilowani.pl\/index.php\/2024\/02\/12\/anna\/\" \/>\n<meta property=\"og:site_name\" content=\"UMILOWANI.PL\" \/>\n<meta property=\"article:published_time\" content=\"2024-02-12T11:03:59+00:00\" \/>\n<meta property=\"article:modified_time\" content=\"2026-01-09T09:23:46+00:00\" \/>\n<meta property=\"og:image\" content=\"https:\/\/umilowani.pl\/wp-content\/uploads\/2024\/04\/Beznazwy-39-300x189.jpg\" \/>\n<meta name=\"author\" content=\"UMILOWANI.PL\" \/>\n<meta name=\"twitter:card\" content=\"summary_large_image\" \/>\n<meta name=\"twitter:label1\" content=\"Napisane przez\" \/>\n\t<meta name=\"twitter:data1\" content=\"UMILOWANI.PL\" \/>\n\t<meta name=\"twitter:label2\" content=\"Szacowany czas czytania\" \/>\n\t<meta name=\"twitter:data2\" content=\"3 minuty\" \/>\n<script type=\"application\/ld+json\" class=\"yoast-schema-graph\">{\"@context\":\"https:\\\/\\\/schema.org\",\"@graph\":[{\"@type\":\"Article\",\"@id\":\"https:\\\/\\\/umilowani.pl\\\/index.php\\\/2024\\\/02\\\/12\\\/anna\\\/#article\",\"isPartOf\":{\"@id\":\"https:\\\/\\\/umilowani.pl\\\/index.php\\\/2024\\\/02\\\/12\\\/anna\\\/\"},\"author\":{\"name\":\"UMILOWANI.PL\",\"@id\":\"https:\\\/\\\/umilowani.pl\\\/#\\\/schema\\\/person\\\/600a3e0031b2b450828be24ac2027c8a\"},\"headline\":\"ANNA\",\"datePublished\":\"2024-02-12T11:03:59+00:00\",\"dateModified\":\"2026-01-09T09:23:46+00:00\",\"mainEntityOfPage\":{\"@id\":\"https:\\\/\\\/umilowani.pl\\\/index.php\\\/2024\\\/02\\\/12\\\/anna\\\/\"},\"wordCount\":6765,\"publisher\":{\"@id\":\"https:\\\/\\\/umilowani.pl\\\/#\\\/schema\\\/person\\\/600a3e0031b2b450828be24ac2027c8a\"},\"image\":{\"@id\":\"https:\\\/\\\/umilowani.pl\\\/index.php\\\/2024\\\/02\\\/12\\\/anna\\\/#primaryimage\"},\"thumbnailUrl\":\"https:\\\/\\\/umilowani.pl\\\/wp-content\\\/uploads\\\/2024\\\/04\\\/Beznazwy-39-300x189.jpg\",\"articleSection\":[\"Ania\"],\"inLanguage\":\"pl-PL\"},{\"@type\":\"WebPage\",\"@id\":\"https:\\\/\\\/umilowani.pl\\\/index.php\\\/2024\\\/02\\\/12\\\/anna\\\/\",\"url\":\"https:\\\/\\\/umilowani.pl\\\/index.php\\\/2024\\\/02\\\/12\\\/anna\\\/\",\"name\":\"ANNA - UMILOWANI.PL\",\"isPartOf\":{\"@id\":\"https:\\\/\\\/umilowani.pl\\\/#website\"},\"primaryImageOfPage\":{\"@id\":\"https:\\\/\\\/umilowani.pl\\\/index.php\\\/2024\\\/02\\\/12\\\/anna\\\/#primaryimage\"},\"image\":{\"@id\":\"https:\\\/\\\/umilowani.pl\\\/index.php\\\/2024\\\/02\\\/12\\\/anna\\\/#primaryimage\"},\"thumbnailUrl\":\"https:\\\/\\\/umilowani.pl\\\/wp-content\\\/uploads\\\/2024\\\/04\\\/Beznazwy-39-300x189.jpg\",\"datePublished\":\"2024-02-12T11:03:59+00:00\",\"dateModified\":\"2026-01-09T09:23:46+00:00\",\"description\":\"Anna: W Poradni Rodzinnej oferuj\u0119 poradnictwo indywidualne oraz mediacje ma\u0142\u017ce\u0144skie i rodzinne. Stworzy\u0142am autorskie warsztaty dla ma\u0142\u017conk\u00f3w.\",\"breadcrumb\":{\"@id\":\"https:\\\/\\\/umilowani.pl\\\/index.php\\\/2024\\\/02\\\/12\\\/anna\\\/#breadcrumb\"},\"inLanguage\":\"pl-PL\",\"potentialAction\":[{\"@type\":\"ReadAction\",\"target\":[\"https:\\\/\\\/umilowani.pl\\\/index.php\\\/2024\\\/02\\\/12\\\/anna\\\/\"]}]},{\"@type\":\"ImageObject\",\"inLanguage\":\"pl-PL\",\"@id\":\"https:\\\/\\\/umilowani.pl\\\/index.php\\\/2024\\\/02\\\/12\\\/anna\\\/#primaryimage\",\"url\":\"https:\\\/\\\/umilowani.pl\\\/wp-content\\\/uploads\\\/2024\\\/04\\\/Beznazwy-39-300x189.jpg\",\"contentUrl\":\"https:\\\/\\\/umilowani.pl\\\/wp-content\\\/uploads\\\/2024\\\/04\\\/Beznazwy-39-300x189.jpg\"},{\"@type\":\"BreadcrumbList\",\"@id\":\"https:\\\/\\\/umilowani.pl\\\/index.php\\\/2024\\\/02\\\/12\\\/anna\\\/#breadcrumb\",\"itemListElement\":[{\"@type\":\"ListItem\",\"position\":1,\"name\":\"Strona g\u0142\u00f3wna\",\"item\":\"https:\\\/\\\/umilowani.pl\\\/\"},{\"@type\":\"ListItem\",\"position\":2,\"name\":\"ANNA\"}]},{\"@type\":\"WebSite\",\"@id\":\"https:\\\/\\\/umilowani.pl\\\/#website\",\"url\":\"https:\\\/\\\/umilowani.pl\\\/\",\"name\":\"UMILOWANI.PL\",\"description\":\"Ma\u0142\u017ce\u0144stwo, mi\u0142o\u015b\u0107\",\"publisher\":{\"@id\":\"https:\\\/\\\/umilowani.pl\\\/#\\\/schema\\\/person\\\/600a3e0031b2b450828be24ac2027c8a\"},\"potentialAction\":[{\"@type\":\"SearchAction\",\"target\":{\"@type\":\"EntryPoint\",\"urlTemplate\":\"https:\\\/\\\/umilowani.pl\\\/?s={search_term_string}\"},\"query-input\":{\"@type\":\"PropertyValueSpecification\",\"valueRequired\":true,\"valueName\":\"search_term_string\"}}],\"inLanguage\":\"pl-PL\"},{\"@type\":[\"Person\",\"Organization\"],\"@id\":\"https:\\\/\\\/umilowani.pl\\\/#\\\/schema\\\/person\\\/600a3e0031b2b450828be24ac2027c8a\",\"name\":\"UMILOWANI.PL\",\"image\":{\"@type\":\"ImageObject\",\"inLanguage\":\"pl-PL\",\"@id\":\"https:\\\/\\\/umilowani.pl\\\/wp-content\\\/uploads\\\/2022\\\/07\\\/cropped-6.png\",\"url\":\"https:\\\/\\\/umilowani.pl\\\/wp-content\\\/uploads\\\/2022\\\/07\\\/cropped-6.png\",\"contentUrl\":\"https:\\\/\\\/umilowani.pl\\\/wp-content\\\/uploads\\\/2022\\\/07\\\/cropped-6.png\",\"width\":512,\"height\":512,\"caption\":\"UMILOWANI.PL\"},\"logo\":{\"@id\":\"https:\\\/\\\/umilowani.pl\\\/wp-content\\\/uploads\\\/2022\\\/07\\\/cropped-6.png\"},\"url\":\"https:\\\/\\\/umilowani.pl\\\/index.php\\\/author\\\/admin9972\\\/\"}]}<\/script>\n<!-- \/ Yoast SEO plugin. -->","yoast_head_json":{"title":"ANNA - UMILOWANI.PL","description":"Anna: W Poradni Rodzinnej oferuj\u0119 poradnictwo indywidualne oraz mediacje ma\u0142\u017ce\u0144skie i rodzinne. Stworzy\u0142am autorskie warsztaty dla ma\u0142\u017conk\u00f3w.","robots":{"index":"index","follow":"follow","max-snippet":"max-snippet:-1","max-image-preview":"max-image-preview:large","max-video-preview":"max-video-preview:-1"},"canonical":"https:\/\/umilowani.pl\/index.php\/2024\/02\/12\/anna\/","og_locale":"pl_PL","og_type":"article","og_title":"ANNA - UMILOWANI.PL","og_description":"Anna: W Poradni Rodzinnej oferuj\u0119 poradnictwo indywidualne oraz mediacje ma\u0142\u017ce\u0144skie i rodzinne. Stworzy\u0142am autorskie warsztaty dla ma\u0142\u017conk\u00f3w.","og_url":"https:\/\/umilowani.pl\/index.php\/2024\/02\/12\/anna\/","og_site_name":"UMILOWANI.PL","article_published_time":"2024-02-12T11:03:59+00:00","article_modified_time":"2026-01-09T09:23:46+00:00","og_image":[{"url":"https:\/\/umilowani.pl\/wp-content\/uploads\/2024\/04\/Beznazwy-39-300x189.jpg","type":"","width":"","height":""}],"author":"UMILOWANI.PL","twitter_card":"summary_large_image","twitter_misc":{"Napisane przez":"UMILOWANI.PL","Szacowany czas czytania":"3 minuty"},"schema":{"@context":"https:\/\/schema.org","@graph":[{"@type":"Article","@id":"https:\/\/umilowani.pl\/index.php\/2024\/02\/12\/anna\/#article","isPartOf":{"@id":"https:\/\/umilowani.pl\/index.php\/2024\/02\/12\/anna\/"},"author":{"name":"UMILOWANI.PL","@id":"https:\/\/umilowani.pl\/#\/schema\/person\/600a3e0031b2b450828be24ac2027c8a"},"headline":"ANNA","datePublished":"2024-02-12T11:03:59+00:00","dateModified":"2026-01-09T09:23:46+00:00","mainEntityOfPage":{"@id":"https:\/\/umilowani.pl\/index.php\/2024\/02\/12\/anna\/"},"wordCount":6765,"publisher":{"@id":"https:\/\/umilowani.pl\/#\/schema\/person\/600a3e0031b2b450828be24ac2027c8a"},"image":{"@id":"https:\/\/umilowani.pl\/index.php\/2024\/02\/12\/anna\/#primaryimage"},"thumbnailUrl":"https:\/\/umilowani.pl\/wp-content\/uploads\/2024\/04\/Beznazwy-39-300x189.jpg","articleSection":["Ania"],"inLanguage":"pl-PL"},{"@type":"WebPage","@id":"https:\/\/umilowani.pl\/index.php\/2024\/02\/12\/anna\/","url":"https:\/\/umilowani.pl\/index.php\/2024\/02\/12\/anna\/","name":"ANNA - UMILOWANI.PL","isPartOf":{"@id":"https:\/\/umilowani.pl\/#website"},"primaryImageOfPage":{"@id":"https:\/\/umilowani.pl\/index.php\/2024\/02\/12\/anna\/#primaryimage"},"image":{"@id":"https:\/\/umilowani.pl\/index.php\/2024\/02\/12\/anna\/#primaryimage"},"thumbnailUrl":"https:\/\/umilowani.pl\/wp-content\/uploads\/2024\/04\/Beznazwy-39-300x189.jpg","datePublished":"2024-02-12T11:03:59+00:00","dateModified":"2026-01-09T09:23:46+00:00","description":"Anna: W Poradni Rodzinnej oferuj\u0119 poradnictwo indywidualne oraz mediacje ma\u0142\u017ce\u0144skie i rodzinne. Stworzy\u0142am autorskie warsztaty dla ma\u0142\u017conk\u00f3w.","breadcrumb":{"@id":"https:\/\/umilowani.pl\/index.php\/2024\/02\/12\/anna\/#breadcrumb"},"inLanguage":"pl-PL","potentialAction":[{"@type":"ReadAction","target":["https:\/\/umilowani.pl\/index.php\/2024\/02\/12\/anna\/"]}]},{"@type":"ImageObject","inLanguage":"pl-PL","@id":"https:\/\/umilowani.pl\/index.php\/2024\/02\/12\/anna\/#primaryimage","url":"https:\/\/umilowani.pl\/wp-content\/uploads\/2024\/04\/Beznazwy-39-300x189.jpg","contentUrl":"https:\/\/umilowani.pl\/wp-content\/uploads\/2024\/04\/Beznazwy-39-300x189.jpg"},{"@type":"BreadcrumbList","@id":"https:\/\/umilowani.pl\/index.php\/2024\/02\/12\/anna\/#breadcrumb","itemListElement":[{"@type":"ListItem","position":1,"name":"Strona g\u0142\u00f3wna","item":"https:\/\/umilowani.pl\/"},{"@type":"ListItem","position":2,"name":"ANNA"}]},{"@type":"WebSite","@id":"https:\/\/umilowani.pl\/#website","url":"https:\/\/umilowani.pl\/","name":"UMILOWANI.PL","description":"Ma\u0142\u017ce\u0144stwo, mi\u0142o\u015b\u0107","publisher":{"@id":"https:\/\/umilowani.pl\/#\/schema\/person\/600a3e0031b2b450828be24ac2027c8a"},"potentialAction":[{"@type":"SearchAction","target":{"@type":"EntryPoint","urlTemplate":"https:\/\/umilowani.pl\/?s={search_term_string}"},"query-input":{"@type":"PropertyValueSpecification","valueRequired":true,"valueName":"search_term_string"}}],"inLanguage":"pl-PL"},{"@type":["Person","Organization"],"@id":"https:\/\/umilowani.pl\/#\/schema\/person\/600a3e0031b2b450828be24ac2027c8a","name":"UMILOWANI.PL","image":{"@type":"ImageObject","inLanguage":"pl-PL","@id":"https:\/\/umilowani.pl\/wp-content\/uploads\/2022\/07\/cropped-6.png","url":"https:\/\/umilowani.pl\/wp-content\/uploads\/2022\/07\/cropped-6.png","contentUrl":"https:\/\/umilowani.pl\/wp-content\/uploads\/2022\/07\/cropped-6.png","width":512,"height":512,"caption":"UMILOWANI.PL"},"logo":{"@id":"https:\/\/umilowani.pl\/wp-content\/uploads\/2022\/07\/cropped-6.png"},"url":"https:\/\/umilowani.pl\/index.php\/author\/admin9972\/"}]}},"_links":{"self":[{"href":"https:\/\/umilowani.pl\/index.php\/wp-json\/wp\/v2\/posts\/13835","targetHints":{"allow":["GET"]}}],"collection":[{"href":"https:\/\/umilowani.pl\/index.php\/wp-json\/wp\/v2\/posts"}],"about":[{"href":"https:\/\/umilowani.pl\/index.php\/wp-json\/wp\/v2\/types\/post"}],"author":[{"embeddable":true,"href":"https:\/\/umilowani.pl\/index.php\/wp-json\/wp\/v2\/users\/1"}],"replies":[{"embeddable":true,"href":"https:\/\/umilowani.pl\/index.php\/wp-json\/wp\/v2\/comments?post=13835"}],"version-history":[{"count":8,"href":"https:\/\/umilowani.pl\/index.php\/wp-json\/wp\/v2\/posts\/13835\/revisions"}],"predecessor-version":[{"id":19399,"href":"https:\/\/umilowani.pl\/index.php\/wp-json\/wp\/v2\/posts\/13835\/revisions\/19399"}],"wp:attachment":[{"href":"https:\/\/umilowani.pl\/index.php\/wp-json\/wp\/v2\/media?parent=13835"}],"wp:term":[{"taxonomy":"category","embeddable":true,"href":"https:\/\/umilowani.pl\/index.php\/wp-json\/wp\/v2\/categories?post=13835"},{"taxonomy":"post_tag","embeddable":true,"href":"https:\/\/umilowani.pl\/index.php\/wp-json\/wp\/v2\/tags?post=13835"}],"curies":[{"name":"wp","href":"https:\/\/api.w.org\/{rel}","templated":true}]}}