{"id":17081,"date":"2026-01-05T06:43:57","date_gmt":"2026-01-05T05:43:57","guid":{"rendered":"https:\/\/umilowani.pl\/?p=17081"},"modified":"2026-01-05T08:44:01","modified_gmt":"2026-01-05T07:44:01","slug":"zacznij-zyc-odnowa-od-07-09-2026","status":"publish","type":"post","link":"https:\/\/umilowani.pl\/index.php\/2026\/01\/05\/zacznij-zyc-odnowa-od-07-09-2026\/","title":{"rendered":"\u201eZACZNIJ \u017bY\u0106 odNOWA\u201d od 07.09.2026"},"content":{"rendered":"<p>[et_pb_section fb_built=&#8221;1&#8243; _builder_version=&#8221;3.22&#8243;][et_pb_row _builder_version=&#8221;3.25&#8243; background_size=&#8221;initial&#8221; background_position=&#8221;top_left&#8221; background_repeat=&#8221;repeat&#8221;][et_pb_column type=&#8221;4_4&#8243; _builder_version=&#8221;3.25&#8243; custom_padding=&#8221;|||&#8221; custom_padding__hover=&#8221;|||&#8221;][et_pb_text _builder_version=&#8221;4.9.3&#8243; background_size=&#8221;initial&#8221; background_position=&#8221;top_left&#8221; background_repeat=&#8221;repeat&#8221; hover_enabled=&#8221;0&#8243; sticky_enabled=&#8221;0&#8243;]<\/p>\n<p><strong>Zapraszamy na kolejne warsztaty pt.: \u201eZacznij \u017cy\u0107 odNOWA\u201d od 07.09.2026 r., kt\u00f3re odb\u0119d\u0105 si\u0119 w godz. 18.30 &#8211; 20.30.<\/strong><\/p>\n<p><strong>Warsztaty to cykl 7 spotka\u0144, kt\u00f3re odbywaj\u0105 si\u0119 w Fundacji Evangelium Vitae, w sali \u015bw. Anny (budynek D), przy ul. Rydygiera 22-28 we Wroc\u0142awiu.<\/strong><\/p>\n<p><strong>Zapisy przyjmujemy pod numerem telefonu: 660 913 432 lub e-mailowo na adres: poradnia@fev.wroclaw.pl<\/strong><\/p>\n<p>&nbsp;<\/p>\n<p>Warsztaty \u201eZacznij \u017cy\u0107 odNOWA\u201d to cykl warsztat\u00f3w edukacyjno \u2013 informacyjnych dla os\u00f3b doros\u0142ych z zakresu profilaktyki uzale\u017cnie\u0144 i rozwoju osobistego, na kt\u00f3rych przede wszystkim wsp\u00f3lnie poszukujemy odpowiedzi na nast\u0119puj\u0105ce pytania:<\/p>\n<p>\u2013 jak budowa\u0107 zdrowe relacje mi\u0119dzyludzkie w oparciu o empati\u0119 i asertywno\u015b\u0107\u2026<\/p>\n<p>\u2013 jak stawia\u0107 granice w relacjach, by by\u0142y one m\u0105dre i s\u0142u\u017cy\u0142y rozwojowi\u2026<\/p>\n<p>\u2013 w jaki spos\u00f3b wkroczy\u0107 na drog\u0119 przebaczenia i pojednania z sob\u0105 i innymi\u2026<\/p>\n<p>\u2013 jak \u015bwiadomie prze\u017cywa\u0107 \u017cycie, by nie popa\u015b\u0107 w uzale\u017cnienia\u2026<\/p>\n<p>\u2013 jak odkry\u0107 swoje mocne strony i zacz\u0105\u0107 \u017cy\u0107 od-NOWA\u2026<\/p>\n<p>Na warsztatach wzbogacamy swoj\u0105 wiedz\u0119, \u0107wiczymy nowe umiej\u0119tno\u015bci, dyskutujemy i wymieniamy si\u0119 do\u015bwiadczeniami.<\/p>\n<p>&nbsp;<\/p>\n<p><strong>Do udzia\u0142u w warsztatach zach\u0119camy osoby doros\u0142e, bez wzgl\u0119du na wiek i stan cywilny. <\/strong><\/p>\n<p><strong>Do tej pory odby\u0142y si\u0119 4 edycje zaj\u0119\u0107, z kt\u00f3rych skorzysta\u0142o ponad 60 uczestnik\u00f3w! <\/strong><\/p>\n<p><strong>Skorzystaj i zadbaj o dobr\u0105 relacj\u0119 z innymi!<\/strong><\/p>\n<p>&nbsp;<\/p>\n<div class=\"entry-content\">\n<div class=\"et_pb_column et_pb_column_4_4 et_pb_column_0 et_pb_css_mix_blend_mode_passthrough et-last-child\">\n<div class=\"et_pb_module et_pb_text et_pb_text_0 et_pb_text_align_left et_pb_bg_layout_light\">\n<div class=\"et_pb_text_inner\">\n<p><a href=\"https:\/\/umilowani.pl\/wp-content\/uploads\/2024\/10\/Zacznij_2026.jpg\"><img loading=\"lazy\" decoding=\"async\" class=\"aligncenter wp-image-19065\" src=\"https:\/\/umilowani.pl\/wp-content\/uploads\/2024\/10\/Zacznij_2026-225x300.jpg\" alt=\"\" width=\"451\" height=\"600\" \/><\/a><\/p>\n<\/div>\n<\/div>\n<\/div>\n<\/div>\n<p style=\"text-align: center;\"><strong>Spotkania s\u0105 bezp\u0142atne dzi\u0119ki dofinansowaniu przez Gmin\u0119 Wroc\u0142aw<\/strong><img loading=\"lazy\" decoding=\"async\" class=\"size-medium wp-image-12432 ls-is-cached lazyloaded aligncenter\" src=\"https:\/\/fev.wroclaw.pl\/wp-content\/uploads\/maly-300x39.jpg\" sizes=\"auto, (max-width: 300px) 100vw, 300px\" srcset=\"https:\/\/fev.wroclaw.pl\/wp-content\/uploads\/maly-300x39.jpg 300w, https:\/\/fev.wroclaw.pl\/wp-content\/uploads\/maly.jpg 532w\" alt=\"\" width=\"300\" height=\"39\" data-srcset=\"https:\/\/fev.wroclaw.pl\/wp-content\/uploads\/maly-300x39.jpg 300w, https:\/\/fev.wroclaw.pl\/wp-content\/uploads\/maly.jpg 532w\" data-src=\"https:\/\/fev.wroclaw.pl\/wp-content\/uploads\/maly-300x39.jpg\" data-sizes=\"(max-width: 300px) 100vw, 300px\" \/><\/p>\n<p>&nbsp;<\/p>\n<p>[\/et_pb_text][\/et_pb_column][\/et_pb_row][\/et_pb_section]<\/p>\n","protected":false},"excerpt":{"rendered":"<p>Zapraszamy na warsztaty edukacyjno \u2013 informacyjne skierowane dla os\u00f3b doros\u0142ych z zakresu profilaktyki uzale\u017cnie\u0144 i rozwoju osobistego cz\u0142owieka.<\/p>\n","protected":false},"author":1,"featured_media":19067,"comment_status":"closed","ping_status":"closed","sticky":false,"template":"","format":"standard","meta":{"_et_pb_use_builder":"on","_et_pb_old_content":"","_et_gb_content_width":"","footnotes":""},"categories":[42],"tags":[],"class_list":["post-17081","post","type-post","status-publish","format-standard","has-post-thumbnail","hentry","category-zacznij-zyc-od-nowa_2025"],"yoast_head":"<!-- This site is optimized with the Yoast SEO plugin v27.4 - https:\/\/yoast.com\/product\/yoast-seo-wordpress\/ -->\n<title>\u201eZACZNIJ \u017bY\u0106 odNOWA\u201d od 07.09.2026 - UMILOWANI.PL<\/title>\n<meta name=\"description\" content=\"Zapraszamy na warsztaty \u201eZacznij \u017cy\u0107 odNOWA&quot; od 07.09.2026 r. Warsztaty odbywaj\u0105 si\u0119 w Fundacji Evangelium Vitae.\" \/>\n<meta name=\"robots\" content=\"index, follow, max-snippet:-1, max-image-preview:large, max-video-preview:-1\" \/>\n<link rel=\"canonical\" href=\"https:\/\/umilowani.pl\/index.php\/2026\/01\/05\/zacznij-zyc-odnowa-od-07-09-2026\/\" \/>\n<meta property=\"og:locale\" content=\"pl_PL\" \/>\n<meta property=\"og:type\" content=\"article\" \/>\n<meta property=\"og:title\" content=\"\u201eZACZNIJ \u017bY\u0106 odNOWA\u201d od 07.09.2026 - UMILOWANI.PL\" \/>\n<meta property=\"og:description\" content=\"Zapraszamy na warsztaty \u201eZacznij \u017cy\u0107 odNOWA&quot; od 07.09.2026 r. Warsztaty odbywaj\u0105 si\u0119 w Fundacji Evangelium Vitae.\" \/>\n<meta property=\"og:url\" content=\"https:\/\/umilowani.pl\/index.php\/2026\/01\/05\/zacznij-zyc-odnowa-od-07-09-2026\/\" \/>\n<meta property=\"og:site_name\" content=\"UMILOWANI.PL\" \/>\n<meta property=\"article:published_time\" content=\"2026-01-05T05:43:57+00:00\" \/>\n<meta property=\"article:modified_time\" content=\"2026-01-05T07:44:01+00:00\" \/>\n<meta property=\"og:image\" content=\"https:\/\/umilowani.pl\/wp-content\/uploads\/2024\/10\/Zacznij_2026_tlo2.jpg\" \/>\n\t<meta property=\"og:image:width\" content=\"753\" \/>\n\t<meta property=\"og:image:height\" content=\"470\" \/>\n\t<meta property=\"og:image:type\" content=\"image\/jpeg\" \/>\n<meta name=\"author\" content=\"UMILOWANI.PL\" \/>\n<meta name=\"twitter:card\" content=\"summary_large_image\" \/>\n<meta name=\"twitter:label1\" content=\"Napisane przez\" \/>\n\t<meta name=\"twitter:data1\" content=\"UMILOWANI.PL\" \/>\n\t<meta name=\"twitter:label2\" content=\"Szacowany czas czytania\" \/>\n\t<meta name=\"twitter:data2\" content=\"2 minuty\" \/>\n<script type=\"application\/ld+json\" class=\"yoast-schema-graph\">{\"@context\":\"https:\\\/\\\/schema.org\",\"@graph\":[{\"@type\":\"Article\",\"@id\":\"https:\\\/\\\/umilowani.pl\\\/index.php\\\/2026\\\/01\\\/05\\\/zacznij-zyc-odnowa-od-07-09-2026\\\/#article\",\"isPartOf\":{\"@id\":\"https:\\\/\\\/umilowani.pl\\\/index.php\\\/2026\\\/01\\\/05\\\/zacznij-zyc-odnowa-od-07-09-2026\\\/\"},\"author\":{\"name\":\"UMILOWANI.PL\",\"@id\":\"https:\\\/\\\/umilowani.pl\\\/#\\\/schema\\\/person\\\/600a3e0031b2b450828be24ac2027c8a\"},\"headline\":\"\u201eZACZNIJ \u017bY\u0106 odNOWA\u201d od 07.09.2026\",\"datePublished\":\"2026-01-05T05:43:57+00:00\",\"dateModified\":\"2026-01-05T07:44:01+00:00\",\"mainEntityOfPage\":{\"@id\":\"https:\\\/\\\/umilowani.pl\\\/index.php\\\/2026\\\/01\\\/05\\\/zacznij-zyc-odnowa-od-07-09-2026\\\/\"},\"wordCount\":297,\"publisher\":{\"@id\":\"https:\\\/\\\/umilowani.pl\\\/#\\\/schema\\\/person\\\/600a3e0031b2b450828be24ac2027c8a\"},\"image\":{\"@id\":\"https:\\\/\\\/umilowani.pl\\\/index.php\\\/2026\\\/01\\\/05\\\/zacznij-zyc-odnowa-od-07-09-2026\\\/#primaryimage\"},\"thumbnailUrl\":\"https:\\\/\\\/umilowani.pl\\\/wp-content\\\/uploads\\\/2024\\\/10\\\/Zacznij_2026_tlo2.jpg\",\"articleSection\":[\"Zacznij \u017cy\u0107 OD-NOWA_2025\"],\"inLanguage\":\"pl-PL\"},{\"@type\":\"WebPage\",\"@id\":\"https:\\\/\\\/umilowani.pl\\\/index.php\\\/2026\\\/01\\\/05\\\/zacznij-zyc-odnowa-od-07-09-2026\\\/\",\"url\":\"https:\\\/\\\/umilowani.pl\\\/index.php\\\/2026\\\/01\\\/05\\\/zacznij-zyc-odnowa-od-07-09-2026\\\/\",\"name\":\"\u201eZACZNIJ \u017bY\u0106 odNOWA\u201d od 07.09.2026 - UMILOWANI.PL\",\"isPartOf\":{\"@id\":\"https:\\\/\\\/umilowani.pl\\\/#website\"},\"primaryImageOfPage\":{\"@id\":\"https:\\\/\\\/umilowani.pl\\\/index.php\\\/2026\\\/01\\\/05\\\/zacznij-zyc-odnowa-od-07-09-2026\\\/#primaryimage\"},\"image\":{\"@id\":\"https:\\\/\\\/umilowani.pl\\\/index.php\\\/2026\\\/01\\\/05\\\/zacznij-zyc-odnowa-od-07-09-2026\\\/#primaryimage\"},\"thumbnailUrl\":\"https:\\\/\\\/umilowani.pl\\\/wp-content\\\/uploads\\\/2024\\\/10\\\/Zacznij_2026_tlo2.jpg\",\"datePublished\":\"2026-01-05T05:43:57+00:00\",\"dateModified\":\"2026-01-05T07:44:01+00:00\",\"description\":\"Zapraszamy na warsztaty \u201eZacznij \u017cy\u0107 odNOWA\\\" od 07.09.2026 r. Warsztaty odbywaj\u0105 si\u0119 w Fundacji Evangelium Vitae.\",\"breadcrumb\":{\"@id\":\"https:\\\/\\\/umilowani.pl\\\/index.php\\\/2026\\\/01\\\/05\\\/zacznij-zyc-odnowa-od-07-09-2026\\\/#breadcrumb\"},\"inLanguage\":\"pl-PL\",\"potentialAction\":[{\"@type\":\"ReadAction\",\"target\":[\"https:\\\/\\\/umilowani.pl\\\/index.php\\\/2026\\\/01\\\/05\\\/zacznij-zyc-odnowa-od-07-09-2026\\\/\"]}]},{\"@type\":\"ImageObject\",\"inLanguage\":\"pl-PL\",\"@id\":\"https:\\\/\\\/umilowani.pl\\\/index.php\\\/2026\\\/01\\\/05\\\/zacznij-zyc-odnowa-od-07-09-2026\\\/#primaryimage\",\"url\":\"https:\\\/\\\/umilowani.pl\\\/wp-content\\\/uploads\\\/2024\\\/10\\\/Zacznij_2026_tlo2.jpg\",\"contentUrl\":\"https:\\\/\\\/umilowani.pl\\\/wp-content\\\/uploads\\\/2024\\\/10\\\/Zacznij_2026_tlo2.jpg\",\"width\":753,\"height\":470},{\"@type\":\"BreadcrumbList\",\"@id\":\"https:\\\/\\\/umilowani.pl\\\/index.php\\\/2026\\\/01\\\/05\\\/zacznij-zyc-odnowa-od-07-09-2026\\\/#breadcrumb\",\"itemListElement\":[{\"@type\":\"ListItem\",\"position\":1,\"name\":\"Strona g\u0142\u00f3wna\",\"item\":\"https:\\\/\\\/umilowani.pl\\\/\"},{\"@type\":\"ListItem\",\"position\":2,\"name\":\"\u201eZACZNIJ \u017bY\u0106 odNOWA\u201d od 07.09.2026\"}]},{\"@type\":\"WebSite\",\"@id\":\"https:\\\/\\\/umilowani.pl\\\/#website\",\"url\":\"https:\\\/\\\/umilowani.pl\\\/\",\"name\":\"UMILOWANI.PL\",\"description\":\"Ma\u0142\u017ce\u0144stwo, mi\u0142o\u015b\u0107\",\"publisher\":{\"@id\":\"https:\\\/\\\/umilowani.pl\\\/#\\\/schema\\\/person\\\/600a3e0031b2b450828be24ac2027c8a\"},\"potentialAction\":[{\"@type\":\"SearchAction\",\"target\":{\"@type\":\"EntryPoint\",\"urlTemplate\":\"https:\\\/\\\/umilowani.pl\\\/?s={search_term_string}\"},\"query-input\":{\"@type\":\"PropertyValueSpecification\",\"valueRequired\":true,\"valueName\":\"search_term_string\"}}],\"inLanguage\":\"pl-PL\"},{\"@type\":[\"Person\",\"Organization\"],\"@id\":\"https:\\\/\\\/umilowani.pl\\\/#\\\/schema\\\/person\\\/600a3e0031b2b450828be24ac2027c8a\",\"name\":\"UMILOWANI.PL\",\"image\":{\"@type\":\"ImageObject\",\"inLanguage\":\"pl-PL\",\"@id\":\"https:\\\/\\\/umilowani.pl\\\/wp-content\\\/uploads\\\/2022\\\/07\\\/cropped-6.png\",\"url\":\"https:\\\/\\\/umilowani.pl\\\/wp-content\\\/uploads\\\/2022\\\/07\\\/cropped-6.png\",\"contentUrl\":\"https:\\\/\\\/umilowani.pl\\\/wp-content\\\/uploads\\\/2022\\\/07\\\/cropped-6.png\",\"width\":512,\"height\":512,\"caption\":\"UMILOWANI.PL\"},\"logo\":{\"@id\":\"https:\\\/\\\/umilowani.pl\\\/wp-content\\\/uploads\\\/2022\\\/07\\\/cropped-6.png\"},\"url\":\"https:\\\/\\\/umilowani.pl\\\/index.php\\\/author\\\/admin9972\\\/\"}]}<\/script>\n<!-- \/ Yoast SEO plugin. -->","yoast_head_json":{"title":"\u201eZACZNIJ \u017bY\u0106 odNOWA\u201d od 07.09.2026 - UMILOWANI.PL","description":"Zapraszamy na warsztaty \u201eZacznij \u017cy\u0107 odNOWA\" od 07.09.2026 r. Warsztaty odbywaj\u0105 si\u0119 w Fundacji Evangelium Vitae.","robots":{"index":"index","follow":"follow","max-snippet":"max-snippet:-1","max-image-preview":"max-image-preview:large","max-video-preview":"max-video-preview:-1"},"canonical":"https:\/\/umilowani.pl\/index.php\/2026\/01\/05\/zacznij-zyc-odnowa-od-07-09-2026\/","og_locale":"pl_PL","og_type":"article","og_title":"\u201eZACZNIJ \u017bY\u0106 odNOWA\u201d od 07.09.2026 - UMILOWANI.PL","og_description":"Zapraszamy na warsztaty \u201eZacznij \u017cy\u0107 odNOWA\" od 07.09.2026 r. Warsztaty odbywaj\u0105 si\u0119 w Fundacji Evangelium Vitae.","og_url":"https:\/\/umilowani.pl\/index.php\/2026\/01\/05\/zacznij-zyc-odnowa-od-07-09-2026\/","og_site_name":"UMILOWANI.PL","article_published_time":"2026-01-05T05:43:57+00:00","article_modified_time":"2026-01-05T07:44:01+00:00","og_image":[{"width":753,"height":470,"url":"https:\/\/umilowani.pl\/wp-content\/uploads\/2024\/10\/Zacznij_2026_tlo2.jpg","type":"image\/jpeg"}],"author":"UMILOWANI.PL","twitter_card":"summary_large_image","twitter_misc":{"Napisane przez":"UMILOWANI.PL","Szacowany czas czytania":"2 minuty"},"schema":{"@context":"https:\/\/schema.org","@graph":[{"@type":"Article","@id":"https:\/\/umilowani.pl\/index.php\/2026\/01\/05\/zacznij-zyc-odnowa-od-07-09-2026\/#article","isPartOf":{"@id":"https:\/\/umilowani.pl\/index.php\/2026\/01\/05\/zacznij-zyc-odnowa-od-07-09-2026\/"},"author":{"name":"UMILOWANI.PL","@id":"https:\/\/umilowani.pl\/#\/schema\/person\/600a3e0031b2b450828be24ac2027c8a"},"headline":"\u201eZACZNIJ \u017bY\u0106 odNOWA\u201d od 07.09.2026","datePublished":"2026-01-05T05:43:57+00:00","dateModified":"2026-01-05T07:44:01+00:00","mainEntityOfPage":{"@id":"https:\/\/umilowani.pl\/index.php\/2026\/01\/05\/zacznij-zyc-odnowa-od-07-09-2026\/"},"wordCount":297,"publisher":{"@id":"https:\/\/umilowani.pl\/#\/schema\/person\/600a3e0031b2b450828be24ac2027c8a"},"image":{"@id":"https:\/\/umilowani.pl\/index.php\/2026\/01\/05\/zacznij-zyc-odnowa-od-07-09-2026\/#primaryimage"},"thumbnailUrl":"https:\/\/umilowani.pl\/wp-content\/uploads\/2024\/10\/Zacznij_2026_tlo2.jpg","articleSection":["Zacznij \u017cy\u0107 OD-NOWA_2025"],"inLanguage":"pl-PL"},{"@type":"WebPage","@id":"https:\/\/umilowani.pl\/index.php\/2026\/01\/05\/zacznij-zyc-odnowa-od-07-09-2026\/","url":"https:\/\/umilowani.pl\/index.php\/2026\/01\/05\/zacznij-zyc-odnowa-od-07-09-2026\/","name":"\u201eZACZNIJ \u017bY\u0106 odNOWA\u201d od 07.09.2026 - UMILOWANI.PL","isPartOf":{"@id":"https:\/\/umilowani.pl\/#website"},"primaryImageOfPage":{"@id":"https:\/\/umilowani.pl\/index.php\/2026\/01\/05\/zacznij-zyc-odnowa-od-07-09-2026\/#primaryimage"},"image":{"@id":"https:\/\/umilowani.pl\/index.php\/2026\/01\/05\/zacznij-zyc-odnowa-od-07-09-2026\/#primaryimage"},"thumbnailUrl":"https:\/\/umilowani.pl\/wp-content\/uploads\/2024\/10\/Zacznij_2026_tlo2.jpg","datePublished":"2026-01-05T05:43:57+00:00","dateModified":"2026-01-05T07:44:01+00:00","description":"Zapraszamy na warsztaty \u201eZacznij \u017cy\u0107 odNOWA\" od 07.09.2026 r. Warsztaty odbywaj\u0105 si\u0119 w Fundacji Evangelium Vitae.","breadcrumb":{"@id":"https:\/\/umilowani.pl\/index.php\/2026\/01\/05\/zacznij-zyc-odnowa-od-07-09-2026\/#breadcrumb"},"inLanguage":"pl-PL","potentialAction":[{"@type":"ReadAction","target":["https:\/\/umilowani.pl\/index.php\/2026\/01\/05\/zacznij-zyc-odnowa-od-07-09-2026\/"]}]},{"@type":"ImageObject","inLanguage":"pl-PL","@id":"https:\/\/umilowani.pl\/index.php\/2026\/01\/05\/zacznij-zyc-odnowa-od-07-09-2026\/#primaryimage","url":"https:\/\/umilowani.pl\/wp-content\/uploads\/2024\/10\/Zacznij_2026_tlo2.jpg","contentUrl":"https:\/\/umilowani.pl\/wp-content\/uploads\/2024\/10\/Zacznij_2026_tlo2.jpg","width":753,"height":470},{"@type":"BreadcrumbList","@id":"https:\/\/umilowani.pl\/index.php\/2026\/01\/05\/zacznij-zyc-odnowa-od-07-09-2026\/#breadcrumb","itemListElement":[{"@type":"ListItem","position":1,"name":"Strona g\u0142\u00f3wna","item":"https:\/\/umilowani.pl\/"},{"@type":"ListItem","position":2,"name":"\u201eZACZNIJ \u017bY\u0106 odNOWA\u201d od 07.09.2026"}]},{"@type":"WebSite","@id":"https:\/\/umilowani.pl\/#website","url":"https:\/\/umilowani.pl\/","name":"UMILOWANI.PL","description":"Ma\u0142\u017ce\u0144stwo, mi\u0142o\u015b\u0107","publisher":{"@id":"https:\/\/umilowani.pl\/#\/schema\/person\/600a3e0031b2b450828be24ac2027c8a"},"potentialAction":[{"@type":"SearchAction","target":{"@type":"EntryPoint","urlTemplate":"https:\/\/umilowani.pl\/?s={search_term_string}"},"query-input":{"@type":"PropertyValueSpecification","valueRequired":true,"valueName":"search_term_string"}}],"inLanguage":"pl-PL"},{"@type":["Person","Organization"],"@id":"https:\/\/umilowani.pl\/#\/schema\/person\/600a3e0031b2b450828be24ac2027c8a","name":"UMILOWANI.PL","image":{"@type":"ImageObject","inLanguage":"pl-PL","@id":"https:\/\/umilowani.pl\/wp-content\/uploads\/2022\/07\/cropped-6.png","url":"https:\/\/umilowani.pl\/wp-content\/uploads\/2022\/07\/cropped-6.png","contentUrl":"https:\/\/umilowani.pl\/wp-content\/uploads\/2022\/07\/cropped-6.png","width":512,"height":512,"caption":"UMILOWANI.PL"},"logo":{"@id":"https:\/\/umilowani.pl\/wp-content\/uploads\/2022\/07\/cropped-6.png"},"url":"https:\/\/umilowani.pl\/index.php\/author\/admin9972\/"}]}},"_links":{"self":[{"href":"https:\/\/umilowani.pl\/index.php\/wp-json\/wp\/v2\/posts\/17081","targetHints":{"allow":["GET"]}}],"collection":[{"href":"https:\/\/umilowani.pl\/index.php\/wp-json\/wp\/v2\/posts"}],"about":[{"href":"https:\/\/umilowani.pl\/index.php\/wp-json\/wp\/v2\/types\/post"}],"author":[{"embeddable":true,"href":"https:\/\/umilowani.pl\/index.php\/wp-json\/wp\/v2\/users\/1"}],"replies":[{"embeddable":true,"href":"https:\/\/umilowani.pl\/index.php\/wp-json\/wp\/v2\/comments?post=17081"}],"version-history":[{"count":5,"href":"https:\/\/umilowani.pl\/index.php\/wp-json\/wp\/v2\/posts\/17081\/revisions"}],"predecessor-version":[{"id":19079,"href":"https:\/\/umilowani.pl\/index.php\/wp-json\/wp\/v2\/posts\/17081\/revisions\/19079"}],"wp:featuredmedia":[{"embeddable":true,"href":"https:\/\/umilowani.pl\/index.php\/wp-json\/wp\/v2\/media\/19067"}],"wp:attachment":[{"href":"https:\/\/umilowani.pl\/index.php\/wp-json\/wp\/v2\/media?parent=17081"}],"wp:term":[{"taxonomy":"category","embeddable":true,"href":"https:\/\/umilowani.pl\/index.php\/wp-json\/wp\/v2\/categories?post=17081"},{"taxonomy":"post_tag","embeddable":true,"href":"https:\/\/umilowani.pl\/index.php\/wp-json\/wp\/v2\/tags?post=17081"}],"curies":[{"name":"wp","href":"https:\/\/api.w.org\/{rel}","templated":true}]}}