{"id":19220,"date":"2026-01-07T13:28:34","date_gmt":"2026-01-07T12:28:34","guid":{"rendered":"https:\/\/umilowani.pl\/?p=19220"},"modified":"2026-01-13T12:04:59","modified_gmt":"2026-01-13T11:04:59","slug":"jak-nie-wpasc-w-siec-od-22-04-2026","status":"publish","type":"post","link":"https:\/\/umilowani.pl\/index.php\/2026\/01\/07\/jak-nie-wpasc-w-siec-od-22-04-2026\/","title":{"rendered":"\u201eJAK NIE WPA\u015a\u0106 W SIE\u0106, CZYLI O HIGIENIE CYFROWEJ\u201d od 22.04.2026"},"content":{"rendered":"<p>[et_pb_section fb_built=&#8221;1&#8243; _builder_version=&#8221;4.9.3&#8243; _module_preset=&#8221;default&#8221;][et_pb_row _builder_version=&#8221;4.9.3&#8243; _module_preset=&#8221;default&#8221;][et_pb_column type=&#8221;4_4&#8243; _builder_version=&#8221;4.9.3&#8243; _module_preset=&#8221;default&#8221;][et_pb_text _builder_version=&#8221;4.9.3&#8243; _module_preset=&#8221;default&#8221; hover_enabled=&#8221;0&#8243; sticky_enabled=&#8221;0&#8243;]<\/p>\n<div>\n<div class=\"et_pb_column et_pb_column_4_4 et_pb_column_0  et_pb_css_mix_blend_mode_passthrough et-last-child\">\n<div class=\"et_pb_module et_pb_text et_pb_text_0  et_pb_text_align_left et_pb_bg_layout_light\">\n<div class=\"et_pb_text_inner\">\n<p><strong>Zapraszamy na kolejne warsztaty pt.: \u201eJak nie wpa\u015b\u0107 w sie\u0107, czyli o higienie cyfrowej\u201d od 22.04.2026 r., kt\u00f3re odb\u0119d\u0105 si\u0119 w godz. 18.00 \u2013 20.00.<\/strong><\/p>\n<p><strong>Warsztaty to cykl 2 spotka\u0144, kt\u00f3re odbywaj\u0105 si\u0119 w Poradni Rodzinnej przy ul. Wolskiej 9a we Wroc\u0142awiu.<\/strong><\/p>\n<p><strong>Zapisy na zaj\u0119cia przyjmujemy mailowo: <a href=\"mailto:poradnia.lesnica@gmail.com\" target=\"_blank\" rel=\"noopener\">poradnia.lesnica@gmail.com<\/a> lub poprzez SMS pod numer: 609-870-118.<\/strong><\/p>\n<p>&nbsp;<\/p>\n<\/div>\n<\/div>\n<\/div>\n<\/div>\n<div>\u00a0<\/div>\n<div>Zapraszamy na 3 edycj\u0119 warsztat\u00f3w edukacyjno-profilaktycznych<strong> &#8222;Jak nie wpa\u015b\u0107 w sie\u0107, czyli o higienie cyfrowej&#8221; <\/strong>dla rodzic\u00f3w dzieci i nastolatk\u00f3w. Porozmawiamy o tym, jak podtrzyma\u0107 dobre wi\u0119zi w rodzinie, jak chroni\u0107 si\u0119 przed fonoholizmem i uzale\u017cnieniem od internetu. Stworzymy praktyczny kontrakt z zasadami korzystania z urz\u0105dze\u0144 elektronicznych dla ca\u0142ej rodziny. Zaj\u0119cia s\u0105 oparte na najnowszych wynikach raport\u00f3w dotycz\u0105cych zachowa\u0144 m\u0142odych os\u00f3b w sieci.<\/div>\n<div>\u00a0<\/div>\n<div>\n<p>Podczas warsztat\u00f3w:<\/p>\n<p>&#8211; rozmawiamy o tym, jak podtrzyma\u0107 dobre wi\u0119zi w rodzinie, by \u017cy\u0107 bardziej offline ni\u017c online;<\/p>\n<p>&#8211; u\u015bwiadamiamy sobie jak wa\u017cne s\u0105 relacje naszych dzieci z innymi oraz zdrowy styl \u017cycia;<\/p>\n<p>&#8211; szukamy pomys\u0142\u00f3w na m\u0105dre i ciekawe aktywno\u015bci w \u015bwiecie offline;<\/p>\n<p>&#8211; tworzymy praktyczny kontrakt zawieraj\u0105cy zasady korzystania z urz\u0105dze\u0144 elektronicznych dla ca\u0142ej rodziny, pocz\u0105wszy od doros\u0142ych uczestnik\u00f3w zaj\u0119\u0107<\/p>\n<p>&nbsp;<\/p>\n<p><strong>Warto zadba\u0107 o higien\u0119 cyfrow\u0105 w swoim \u017cyciu i w \u017cyciu swojej rodziny! <\/strong><\/p>\n<p><b>Skorzystaj i nie daj si\u0119 z\u0142owi\u0107 w sie\u0107!\u00a0<\/b><\/p>\n<\/div>\n<p>&nbsp;<\/p>\n<p>&nbsp;<\/p>\n<p><a href=\"https:\/\/umilowani.pl\/wp-content\/uploads\/2026\/01\/Telefon3_Ania_2026_2.jpg\"><img loading=\"lazy\" decoding=\"async\" class=\"aligncenter wp-image-19540\" src=\"https:\/\/umilowani.pl\/wp-content\/uploads\/2026\/01\/Telefon3_Ania_2026_2.jpg\" alt=\"\" width=\"451\" height=\"600\" \/><\/a><\/p>\n<p style=\"text-align: center;\"><strong>Spotkania s\u0105 bezp\u0142atne dzi\u0119ki dofinansowaniu przez Gmin\u0119 Wroc\u0142aw<\/strong><img loading=\"lazy\" decoding=\"async\" class=\"size-medium wp-image-12432 ls-is-cached lazyloaded aligncenter\" src=\"https:\/\/fev.wroclaw.pl\/wp-content\/uploads\/maly-300x39.jpg\" sizes=\"auto, (max-width: 300px) 100vw, 300px\" srcset=\"https:\/\/fev.wroclaw.pl\/wp-content\/uploads\/maly-300x39.jpg 300w, https:\/\/fev.wroclaw.pl\/wp-content\/uploads\/maly.jpg 532w\" alt=\"\" width=\"300\" height=\"39\" data-srcset=\"https:\/\/fev.wroclaw.pl\/wp-content\/uploads\/maly-300x39.jpg 300w, https:\/\/fev.wroclaw.pl\/wp-content\/uploads\/maly.jpg 532w\" data-src=\"https:\/\/fev.wroclaw.pl\/wp-content\/uploads\/maly-300x39.jpg\" data-sizes=\"(max-width: 300px) 100vw, 300px\" \/><\/p>\n<p>&nbsp;<\/p>\n<p>[\/et_pb_text][\/et_pb_column][\/et_pb_row][\/et_pb_section]<\/p>\n","protected":false},"excerpt":{"rendered":"<p>[et_pb_section fb_built=&#8221;1&#8243; _builder_version=&#8221;4.9.3&#8243; _module_preset=&#8221;default&#8221;][et_pb_row _builder_version=&#8221;4.9.3&#8243; _module_preset=&#8221;default&#8221;][et_pb_column type=&#8221;4_4&#8243; _builder_version=&#8221;4.9.3&#8243; _module_preset=&#8221;default&#8221;][et_pb_text _builder_version=&#8221;4.9.3&#8243; _module_preset=&#8221;default&#8221; hover_enabled=&#8221;0&#8243; sticky_enabled=&#8221;0&#8243;] Zapraszamy na kolejne warsztaty pt.: \u201eJak nie wpa\u015b\u0107 w sie\u0107, czyli o higienie cyfrowej\u201d od 22.04.2026 r., kt\u00f3re odb\u0119d\u0105 si\u0119 w godz. 18.00 \u2013 20.00. Warsztaty to cykl 2 spotka\u0144, kt\u00f3re odbywaj\u0105 si\u0119 w Poradni Rodzinnej przy ul. Wolskiej 9a we Wroc\u0142awiu. [&hellip;]<\/p>\n","protected":false},"author":1,"featured_media":19183,"comment_status":"closed","ping_status":"closed","sticky":false,"template":"","format":"standard","meta":{"_et_pb_use_builder":"on","_et_pb_old_content":"","_et_gb_content_width":"","footnotes":""},"categories":[50],"tags":[],"class_list":["post-19220","post","type-post","status-publish","format-standard","has-post-thumbnail","hentry","category-higiena"],"yoast_head":"<!-- This site is optimized with the Yoast SEO plugin v27.4 - https:\/\/yoast.com\/product\/yoast-seo-wordpress\/ -->\n<title>\u201eJAK NIE WPA\u015a\u0106 W SIE\u0106, CZYLI O HIGIENIE CYFROWEJ\u201d od 22.04.2026 - UMILOWANI.PL<\/title>\n<meta name=\"description\" content=\"Zapraszamy na warsztaty \u201eJak nie wpa\u015b\u0107 w sie\u0107..\u201d od 22.04.2026 r. Warsztaty odbywaj\u0105 si\u0119 w poradni we Wroc\u0142awiu-Le\u015bnicy.\" \/>\n<meta name=\"robots\" content=\"index, follow, max-snippet:-1, max-image-preview:large, max-video-preview:-1\" \/>\n<link rel=\"canonical\" href=\"https:\/\/umilowani.pl\/index.php\/2026\/01\/07\/jak-nie-wpasc-w-siec-od-22-04-2026\/\" \/>\n<meta property=\"og:locale\" content=\"pl_PL\" \/>\n<meta property=\"og:type\" content=\"article\" \/>\n<meta property=\"og:title\" content=\"\u201eJAK NIE WPA\u015a\u0106 W SIE\u0106, CZYLI O HIGIENIE CYFROWEJ\u201d od 22.04.2026 - UMILOWANI.PL\" \/>\n<meta property=\"og:description\" content=\"Zapraszamy na warsztaty \u201eJak nie wpa\u015b\u0107 w sie\u0107..\u201d od 22.04.2026 r. Warsztaty odbywaj\u0105 si\u0119 w poradni we Wroc\u0142awiu-Le\u015bnicy.\" \/>\n<meta property=\"og:url\" content=\"https:\/\/umilowani.pl\/index.php\/2026\/01\/07\/jak-nie-wpasc-w-siec-od-22-04-2026\/\" \/>\n<meta property=\"og:site_name\" content=\"UMILOWANI.PL\" \/>\n<meta property=\"article:published_time\" content=\"2026-01-07T12:28:34+00:00\" \/>\n<meta property=\"article:modified_time\" content=\"2026-01-13T11:04:59+00:00\" \/>\n<meta property=\"og:image\" content=\"https:\/\/umilowani.pl\/wp-content\/uploads\/2026\/01\/Telefon3_Ania_2026_tlo2.jpg\" \/>\n\t<meta property=\"og:image:width\" content=\"753\" \/>\n\t<meta property=\"og:image:height\" content=\"470\" \/>\n\t<meta property=\"og:image:type\" content=\"image\/jpeg\" \/>\n<meta name=\"author\" content=\"UMILOWANI.PL\" \/>\n<meta name=\"twitter:card\" content=\"summary_large_image\" \/>\n<meta name=\"twitter:label1\" content=\"Napisane przez\" \/>\n\t<meta name=\"twitter:data1\" content=\"UMILOWANI.PL\" \/>\n\t<meta name=\"twitter:label2\" content=\"Szacowany czas czytania\" \/>\n\t<meta name=\"twitter:data2\" content=\"2 minuty\" \/>\n<script type=\"application\/ld+json\" class=\"yoast-schema-graph\">{\"@context\":\"https:\\\/\\\/schema.org\",\"@graph\":[{\"@type\":\"Article\",\"@id\":\"https:\\\/\\\/umilowani.pl\\\/index.php\\\/2026\\\/01\\\/07\\\/jak-nie-wpasc-w-siec-od-22-04-2026\\\/#article\",\"isPartOf\":{\"@id\":\"https:\\\/\\\/umilowani.pl\\\/index.php\\\/2026\\\/01\\\/07\\\/jak-nie-wpasc-w-siec-od-22-04-2026\\\/\"},\"author\":{\"name\":\"UMILOWANI.PL\",\"@id\":\"https:\\\/\\\/umilowani.pl\\\/#\\\/schema\\\/person\\\/600a3e0031b2b450828be24ac2027c8a\"},\"headline\":\"\u201eJAK NIE WPA\u015a\u0106 W SIE\u0106, CZYLI O HIGIENIE CYFROWEJ\u201d od 22.04.2026\",\"datePublished\":\"2026-01-07T12:28:34+00:00\",\"dateModified\":\"2026-01-13T11:04:59+00:00\",\"mainEntityOfPage\":{\"@id\":\"https:\\\/\\\/umilowani.pl\\\/index.php\\\/2026\\\/01\\\/07\\\/jak-nie-wpasc-w-siec-od-22-04-2026\\\/\"},\"wordCount\":306,\"publisher\":{\"@id\":\"https:\\\/\\\/umilowani.pl\\\/#\\\/schema\\\/person\\\/600a3e0031b2b450828be24ac2027c8a\"},\"image\":{\"@id\":\"https:\\\/\\\/umilowani.pl\\\/index.php\\\/2026\\\/01\\\/07\\\/jak-nie-wpasc-w-siec-od-22-04-2026\\\/#primaryimage\"},\"thumbnailUrl\":\"https:\\\/\\\/umilowani.pl\\\/wp-content\\\/uploads\\\/2026\\\/01\\\/Telefon3_Ania_2026_tlo2.jpg\",\"articleSection\":[\"Higiena\"],\"inLanguage\":\"pl-PL\"},{\"@type\":\"WebPage\",\"@id\":\"https:\\\/\\\/umilowani.pl\\\/index.php\\\/2026\\\/01\\\/07\\\/jak-nie-wpasc-w-siec-od-22-04-2026\\\/\",\"url\":\"https:\\\/\\\/umilowani.pl\\\/index.php\\\/2026\\\/01\\\/07\\\/jak-nie-wpasc-w-siec-od-22-04-2026\\\/\",\"name\":\"\u201eJAK NIE WPA\u015a\u0106 W SIE\u0106, CZYLI O HIGIENIE CYFROWEJ\u201d od 22.04.2026 - UMILOWANI.PL\",\"isPartOf\":{\"@id\":\"https:\\\/\\\/umilowani.pl\\\/#website\"},\"primaryImageOfPage\":{\"@id\":\"https:\\\/\\\/umilowani.pl\\\/index.php\\\/2026\\\/01\\\/07\\\/jak-nie-wpasc-w-siec-od-22-04-2026\\\/#primaryimage\"},\"image\":{\"@id\":\"https:\\\/\\\/umilowani.pl\\\/index.php\\\/2026\\\/01\\\/07\\\/jak-nie-wpasc-w-siec-od-22-04-2026\\\/#primaryimage\"},\"thumbnailUrl\":\"https:\\\/\\\/umilowani.pl\\\/wp-content\\\/uploads\\\/2026\\\/01\\\/Telefon3_Ania_2026_tlo2.jpg\",\"datePublished\":\"2026-01-07T12:28:34+00:00\",\"dateModified\":\"2026-01-13T11:04:59+00:00\",\"description\":\"Zapraszamy na warsztaty \u201eJak nie wpa\u015b\u0107 w sie\u0107..\u201d od 22.04.2026 r. Warsztaty odbywaj\u0105 si\u0119 w poradni we Wroc\u0142awiu-Le\u015bnicy.\",\"breadcrumb\":{\"@id\":\"https:\\\/\\\/umilowani.pl\\\/index.php\\\/2026\\\/01\\\/07\\\/jak-nie-wpasc-w-siec-od-22-04-2026\\\/#breadcrumb\"},\"inLanguage\":\"pl-PL\",\"potentialAction\":[{\"@type\":\"ReadAction\",\"target\":[\"https:\\\/\\\/umilowani.pl\\\/index.php\\\/2026\\\/01\\\/07\\\/jak-nie-wpasc-w-siec-od-22-04-2026\\\/\"]}]},{\"@type\":\"ImageObject\",\"inLanguage\":\"pl-PL\",\"@id\":\"https:\\\/\\\/umilowani.pl\\\/index.php\\\/2026\\\/01\\\/07\\\/jak-nie-wpasc-w-siec-od-22-04-2026\\\/#primaryimage\",\"url\":\"https:\\\/\\\/umilowani.pl\\\/wp-content\\\/uploads\\\/2026\\\/01\\\/Telefon3_Ania_2026_tlo2.jpg\",\"contentUrl\":\"https:\\\/\\\/umilowani.pl\\\/wp-content\\\/uploads\\\/2026\\\/01\\\/Telefon3_Ania_2026_tlo2.jpg\",\"width\":753,\"height\":470},{\"@type\":\"BreadcrumbList\",\"@id\":\"https:\\\/\\\/umilowani.pl\\\/index.php\\\/2026\\\/01\\\/07\\\/jak-nie-wpasc-w-siec-od-22-04-2026\\\/#breadcrumb\",\"itemListElement\":[{\"@type\":\"ListItem\",\"position\":1,\"name\":\"Strona g\u0142\u00f3wna\",\"item\":\"https:\\\/\\\/umilowani.pl\\\/\"},{\"@type\":\"ListItem\",\"position\":2,\"name\":\"\u201eJAK NIE WPA\u015a\u0106 W SIE\u0106, CZYLI O HIGIENIE CYFROWEJ\u201d od 22.04.2026\"}]},{\"@type\":\"WebSite\",\"@id\":\"https:\\\/\\\/umilowani.pl\\\/#website\",\"url\":\"https:\\\/\\\/umilowani.pl\\\/\",\"name\":\"UMILOWANI.PL\",\"description\":\"Ma\u0142\u017ce\u0144stwo, mi\u0142o\u015b\u0107\",\"publisher\":{\"@id\":\"https:\\\/\\\/umilowani.pl\\\/#\\\/schema\\\/person\\\/600a3e0031b2b450828be24ac2027c8a\"},\"potentialAction\":[{\"@type\":\"SearchAction\",\"target\":{\"@type\":\"EntryPoint\",\"urlTemplate\":\"https:\\\/\\\/umilowani.pl\\\/?s={search_term_string}\"},\"query-input\":{\"@type\":\"PropertyValueSpecification\",\"valueRequired\":true,\"valueName\":\"search_term_string\"}}],\"inLanguage\":\"pl-PL\"},{\"@type\":[\"Person\",\"Organization\"],\"@id\":\"https:\\\/\\\/umilowani.pl\\\/#\\\/schema\\\/person\\\/600a3e0031b2b450828be24ac2027c8a\",\"name\":\"UMILOWANI.PL\",\"image\":{\"@type\":\"ImageObject\",\"inLanguage\":\"pl-PL\",\"@id\":\"https:\\\/\\\/umilowani.pl\\\/wp-content\\\/uploads\\\/2022\\\/07\\\/cropped-6.png\",\"url\":\"https:\\\/\\\/umilowani.pl\\\/wp-content\\\/uploads\\\/2022\\\/07\\\/cropped-6.png\",\"contentUrl\":\"https:\\\/\\\/umilowani.pl\\\/wp-content\\\/uploads\\\/2022\\\/07\\\/cropped-6.png\",\"width\":512,\"height\":512,\"caption\":\"UMILOWANI.PL\"},\"logo\":{\"@id\":\"https:\\\/\\\/umilowani.pl\\\/wp-content\\\/uploads\\\/2022\\\/07\\\/cropped-6.png\"},\"url\":\"https:\\\/\\\/umilowani.pl\\\/index.php\\\/author\\\/admin9972\\\/\"}]}<\/script>\n<!-- \/ Yoast SEO plugin. -->","yoast_head_json":{"title":"\u201eJAK NIE WPA\u015a\u0106 W SIE\u0106, CZYLI O HIGIENIE CYFROWEJ\u201d od 22.04.2026 - UMILOWANI.PL","description":"Zapraszamy na warsztaty \u201eJak nie wpa\u015b\u0107 w sie\u0107..\u201d od 22.04.2026 r. Warsztaty odbywaj\u0105 si\u0119 w poradni we Wroc\u0142awiu-Le\u015bnicy.","robots":{"index":"index","follow":"follow","max-snippet":"max-snippet:-1","max-image-preview":"max-image-preview:large","max-video-preview":"max-video-preview:-1"},"canonical":"https:\/\/umilowani.pl\/index.php\/2026\/01\/07\/jak-nie-wpasc-w-siec-od-22-04-2026\/","og_locale":"pl_PL","og_type":"article","og_title":"\u201eJAK NIE WPA\u015a\u0106 W SIE\u0106, CZYLI O HIGIENIE CYFROWEJ\u201d od 22.04.2026 - UMILOWANI.PL","og_description":"Zapraszamy na warsztaty \u201eJak nie wpa\u015b\u0107 w sie\u0107..\u201d od 22.04.2026 r. Warsztaty odbywaj\u0105 si\u0119 w poradni we Wroc\u0142awiu-Le\u015bnicy.","og_url":"https:\/\/umilowani.pl\/index.php\/2026\/01\/07\/jak-nie-wpasc-w-siec-od-22-04-2026\/","og_site_name":"UMILOWANI.PL","article_published_time":"2026-01-07T12:28:34+00:00","article_modified_time":"2026-01-13T11:04:59+00:00","og_image":[{"width":753,"height":470,"url":"https:\/\/umilowani.pl\/wp-content\/uploads\/2026\/01\/Telefon3_Ania_2026_tlo2.jpg","type":"image\/jpeg"}],"author":"UMILOWANI.PL","twitter_card":"summary_large_image","twitter_misc":{"Napisane przez":"UMILOWANI.PL","Szacowany czas czytania":"2 minuty"},"schema":{"@context":"https:\/\/schema.org","@graph":[{"@type":"Article","@id":"https:\/\/umilowani.pl\/index.php\/2026\/01\/07\/jak-nie-wpasc-w-siec-od-22-04-2026\/#article","isPartOf":{"@id":"https:\/\/umilowani.pl\/index.php\/2026\/01\/07\/jak-nie-wpasc-w-siec-od-22-04-2026\/"},"author":{"name":"UMILOWANI.PL","@id":"https:\/\/umilowani.pl\/#\/schema\/person\/600a3e0031b2b450828be24ac2027c8a"},"headline":"\u201eJAK NIE WPA\u015a\u0106 W SIE\u0106, CZYLI O HIGIENIE CYFROWEJ\u201d od 22.04.2026","datePublished":"2026-01-07T12:28:34+00:00","dateModified":"2026-01-13T11:04:59+00:00","mainEntityOfPage":{"@id":"https:\/\/umilowani.pl\/index.php\/2026\/01\/07\/jak-nie-wpasc-w-siec-od-22-04-2026\/"},"wordCount":306,"publisher":{"@id":"https:\/\/umilowani.pl\/#\/schema\/person\/600a3e0031b2b450828be24ac2027c8a"},"image":{"@id":"https:\/\/umilowani.pl\/index.php\/2026\/01\/07\/jak-nie-wpasc-w-siec-od-22-04-2026\/#primaryimage"},"thumbnailUrl":"https:\/\/umilowani.pl\/wp-content\/uploads\/2026\/01\/Telefon3_Ania_2026_tlo2.jpg","articleSection":["Higiena"],"inLanguage":"pl-PL"},{"@type":"WebPage","@id":"https:\/\/umilowani.pl\/index.php\/2026\/01\/07\/jak-nie-wpasc-w-siec-od-22-04-2026\/","url":"https:\/\/umilowani.pl\/index.php\/2026\/01\/07\/jak-nie-wpasc-w-siec-od-22-04-2026\/","name":"\u201eJAK NIE WPA\u015a\u0106 W SIE\u0106, CZYLI O HIGIENIE CYFROWEJ\u201d od 22.04.2026 - UMILOWANI.PL","isPartOf":{"@id":"https:\/\/umilowani.pl\/#website"},"primaryImageOfPage":{"@id":"https:\/\/umilowani.pl\/index.php\/2026\/01\/07\/jak-nie-wpasc-w-siec-od-22-04-2026\/#primaryimage"},"image":{"@id":"https:\/\/umilowani.pl\/index.php\/2026\/01\/07\/jak-nie-wpasc-w-siec-od-22-04-2026\/#primaryimage"},"thumbnailUrl":"https:\/\/umilowani.pl\/wp-content\/uploads\/2026\/01\/Telefon3_Ania_2026_tlo2.jpg","datePublished":"2026-01-07T12:28:34+00:00","dateModified":"2026-01-13T11:04:59+00:00","description":"Zapraszamy na warsztaty \u201eJak nie wpa\u015b\u0107 w sie\u0107..\u201d od 22.04.2026 r. Warsztaty odbywaj\u0105 si\u0119 w poradni we Wroc\u0142awiu-Le\u015bnicy.","breadcrumb":{"@id":"https:\/\/umilowani.pl\/index.php\/2026\/01\/07\/jak-nie-wpasc-w-siec-od-22-04-2026\/#breadcrumb"},"inLanguage":"pl-PL","potentialAction":[{"@type":"ReadAction","target":["https:\/\/umilowani.pl\/index.php\/2026\/01\/07\/jak-nie-wpasc-w-siec-od-22-04-2026\/"]}]},{"@type":"ImageObject","inLanguage":"pl-PL","@id":"https:\/\/umilowani.pl\/index.php\/2026\/01\/07\/jak-nie-wpasc-w-siec-od-22-04-2026\/#primaryimage","url":"https:\/\/umilowani.pl\/wp-content\/uploads\/2026\/01\/Telefon3_Ania_2026_tlo2.jpg","contentUrl":"https:\/\/umilowani.pl\/wp-content\/uploads\/2026\/01\/Telefon3_Ania_2026_tlo2.jpg","width":753,"height":470},{"@type":"BreadcrumbList","@id":"https:\/\/umilowani.pl\/index.php\/2026\/01\/07\/jak-nie-wpasc-w-siec-od-22-04-2026\/#breadcrumb","itemListElement":[{"@type":"ListItem","position":1,"name":"Strona g\u0142\u00f3wna","item":"https:\/\/umilowani.pl\/"},{"@type":"ListItem","position":2,"name":"\u201eJAK NIE WPA\u015a\u0106 W SIE\u0106, CZYLI O HIGIENIE CYFROWEJ\u201d od 22.04.2026"}]},{"@type":"WebSite","@id":"https:\/\/umilowani.pl\/#website","url":"https:\/\/umilowani.pl\/","name":"UMILOWANI.PL","description":"Ma\u0142\u017ce\u0144stwo, mi\u0142o\u015b\u0107","publisher":{"@id":"https:\/\/umilowani.pl\/#\/schema\/person\/600a3e0031b2b450828be24ac2027c8a"},"potentialAction":[{"@type":"SearchAction","target":{"@type":"EntryPoint","urlTemplate":"https:\/\/umilowani.pl\/?s={search_term_string}"},"query-input":{"@type":"PropertyValueSpecification","valueRequired":true,"valueName":"search_term_string"}}],"inLanguage":"pl-PL"},{"@type":["Person","Organization"],"@id":"https:\/\/umilowani.pl\/#\/schema\/person\/600a3e0031b2b450828be24ac2027c8a","name":"UMILOWANI.PL","image":{"@type":"ImageObject","inLanguage":"pl-PL","@id":"https:\/\/umilowani.pl\/wp-content\/uploads\/2022\/07\/cropped-6.png","url":"https:\/\/umilowani.pl\/wp-content\/uploads\/2022\/07\/cropped-6.png","contentUrl":"https:\/\/umilowani.pl\/wp-content\/uploads\/2022\/07\/cropped-6.png","width":512,"height":512,"caption":"UMILOWANI.PL"},"logo":{"@id":"https:\/\/umilowani.pl\/wp-content\/uploads\/2022\/07\/cropped-6.png"},"url":"https:\/\/umilowani.pl\/index.php\/author\/admin9972\/"}]}},"_links":{"self":[{"href":"https:\/\/umilowani.pl\/index.php\/wp-json\/wp\/v2\/posts\/19220","targetHints":{"allow":["GET"]}}],"collection":[{"href":"https:\/\/umilowani.pl\/index.php\/wp-json\/wp\/v2\/posts"}],"about":[{"href":"https:\/\/umilowani.pl\/index.php\/wp-json\/wp\/v2\/types\/post"}],"author":[{"embeddable":true,"href":"https:\/\/umilowani.pl\/index.php\/wp-json\/wp\/v2\/users\/1"}],"replies":[{"embeddable":true,"href":"https:\/\/umilowani.pl\/index.php\/wp-json\/wp\/v2\/comments?post=19220"}],"version-history":[{"count":8,"href":"https:\/\/umilowani.pl\/index.php\/wp-json\/wp\/v2\/posts\/19220\/revisions"}],"predecessor-version":[{"id":19541,"href":"https:\/\/umilowani.pl\/index.php\/wp-json\/wp\/v2\/posts\/19220\/revisions\/19541"}],"wp:featuredmedia":[{"embeddable":true,"href":"https:\/\/umilowani.pl\/index.php\/wp-json\/wp\/v2\/media\/19183"}],"wp:attachment":[{"href":"https:\/\/umilowani.pl\/index.php\/wp-json\/wp\/v2\/media?parent=19220"}],"wp:term":[{"taxonomy":"category","embeddable":true,"href":"https:\/\/umilowani.pl\/index.php\/wp-json\/wp\/v2\/categories?post=19220"},{"taxonomy":"post_tag","embeddable":true,"href":"https:\/\/umilowani.pl\/index.php\/wp-json\/wp\/v2\/tags?post=19220"}],"curies":[{"name":"wp","href":"https:\/\/api.w.org\/{rel}","templated":true}]}}