{"id":19371,"date":"2026-01-09T09:05:19","date_gmt":"2026-01-09T08:05:19","guid":{"rendered":"https:\/\/umilowani.pl\/?p=19371"},"modified":"2026-01-20T10:39:43","modified_gmt":"2026-01-20T09:39:43","slug":"praca-kasa-codziennosc-i-my-13-02-2026","status":"publish","type":"post","link":"https:\/\/umilowani.pl\/index.php\/2026\/01\/09\/praca-kasa-codziennosc-i-my-13-02-2026\/","title":{"rendered":"&#8222;PRACA, KASA, CODZIENNO\u015a\u0106 I MY&#8221; 13.02.2026"},"content":{"rendered":"<p>[et_pb_section fb_built=&#8221;1&#8243; _builder_version=&#8221;4.9.3&#8243; _module_preset=&#8221;default&#8221;][et_pb_row _builder_version=&#8221;4.9.3&#8243; _module_preset=&#8221;default&#8221;][et_pb_column type=&#8221;4_4&#8243; _builder_version=&#8221;4.9.3&#8243; _module_preset=&#8221;default&#8221;][et_pb_text _builder_version=&#8221;4.9.3&#8243; _module_preset=&#8221;default&#8221; hover_enabled=&#8221;0&#8243; sticky_enabled=&#8221;0&#8243;]<\/p>\n<div class=\"et_pb_module et_pb_text et_pb_text_0  et_pb_text_align_left et_pb_bg_layout_light\">\n<div class=\"et_pb_text_inner\">\n<div class=\"et_pb_module et_pb_text et_pb_text_0  et_pb_text_align_left et_pb_bg_layout_light\">\n<div class=\"et_pb_text_inner\">\n<div class=\"entry-content\">\n<div class=\"et_pb_column et_pb_column_4_4 et_pb_column_0 et_pb_css_mix_blend_mode_passthrough et-last-child\">\n<div class=\"et_pb_module et_pb_text et_pb_text_0 et_pb_text_align_left et_pb_bg_layout_light\">\n<div class=\"et_pb_text_inner\">\n<div class=\"et_pb_column et_pb_column_4_4 et_pb_column_0  et_pb_css_mix_blend_mode_passthrough et-last-child\">\n<div class=\"et_pb_module et_pb_text et_pb_text_0  et_pb_text_align_left et_pb_bg_layout_light\">\n<div class=\"et_pb_text_inner\">\n<div class=\"et_pb_module et_pb_text et_pb_text_0  et_pb_text_align_left et_pb_bg_layout_light\">\n<div class=\"et_pb_text_inner\">\n<div class=\"entry-content\">\n<div class=\"et_pb_column et_pb_column_4_4 et_pb_column_0 et_pb_css_mix_blend_mode_passthrough et-last-child\">\n<div class=\"et_pb_module et_pb_text et_pb_text_0 et_pb_text_align_left et_pb_bg_layout_light\">\n<div class=\"et_pb_text_inner\">\n<p><strong>Zapraszamy na randk\u0119 ma\u0142\u017ce\u0144sk\u0105 pt.: \u201ePraca, kasa, codzienno\u015b\u0107 i my\u201d w dniu 13.02.2026 w godz. 18.00 \u2013 20.00.<\/strong><\/p>\n<p><strong>To wyj\u0105tkowe wydarzenie odb\u0119dzie si\u0119 w Specjalistycznej Poradni Rodzinnej, ul. Katedralna 4 we Wroc\u0142awiu (parter, sala nr 5).<\/strong><\/p>\n<p><strong>Zapisy przyjmujemy pod numerem telefonu: 664 048 148 lub e-mailowo na adres: spr4.wroclaw@gmail.com<\/strong><\/p>\n<div>\u00a0<\/div>\n<\/div>\n<\/div>\n<\/div>\n<\/div>\n<\/div>\n<\/div>\n<div>\n<div>\n<div>\n<div>\u00a0<\/div>\n<\/div>\n<\/div>\n<\/div>\n<\/div>\n<\/div>\n<\/div>\n<section class=\"elementor-section elementor-top-section elementor-element elementor-element-cbafd36 elementor-section-boxed elementor-section-height-default elementor-section-height-default\" data-id=\"cbafd36\" data-element_type=\"section\">\n<div class=\"elementor-container elementor-column-gap-default\">\n<div class=\"elementor-column elementor-col-100 elementor-top-column elementor-element elementor-element-58db20b\" data-id=\"58db20b\" data-element_type=\"column\">\n<div class=\"elementor-widget-wrap elementor-element-populated\">\n<div class=\"elementor-element elementor-element-6393362 elementor-widget elementor-widget-text-editor\" data-id=\"6393362\" data-element_type=\"widget\" data-widget_type=\"text-editor.default\">\n<div class=\"elementor-widget-container\">\n<div class=\"et_pb_column et_pb_column_4_4 et_pb_column_0 et_pb_css_mix_blend_mode_passthrough et-last-child\">\n<div class=\"et_pb_module et_pb_text et_pb_text_0 et_pb_text_align_left et_pb_bg_layout_light\">\n<div class=\"et_pb_text_inner\">\n<div class=\"et_pb_module et_pb_text et_pb_text_0 et_pb_text_align_left et_pb_bg_layout_light\">\n<div class=\"et_pb_text_inner\">\n<div class=\"et_pb_module et_pb_text et_pb_text_0 et_pb_text_align_left et_pb_bg_layout_light\">\n<div class=\"et_pb_text_inner\">\n<div class=\"entry-content\">\n<div class=\"et_pb_column et_pb_column_4_4 et_pb_column_0 et_pb_css_mix_blend_mode_passthrough et-last-child\">\n<div class=\"et_pb_module et_pb_text et_pb_text_0 et_pb_text_align_left et_pb_bg_layout_light\">\n<div class=\"et_pb_text_inner\">\n<div>\n<div>\n<div><b>W Tygodniu Ma\u0142\u017ce\u0144stwa, w kt\u00f3rym cieszymy si\u0119 i doceniamy ma\u0142\u017ce\u0144stwo, zapraszamy Was serdecznie na wyj\u0105tkow\u0105 Randk\u0119!\u00a0<\/b><\/div>\n<div>\n<p><i>\u201cKocha\u0107 \u2013 to nie znaczy patrze\u0107 na siebie nawzajem, lecz patrze\u0107 razem w tym samym kierunku.\u201d \u2013 <\/i>Antoine De Saint \u2013 Exupery<\/p>\n<p>Aby przypomnie\u0107 sobie gdzie zmierzamy i co jest dla nas wa\u017cne,\u00a0 porozmawiamy o:<\/p>\n<\/div>\n<div>\n<div>\u2013 hierarchii warto\u015bci i os\u00f3b w rodzinie, czyli jak u\u0142o\u017cy\u0107 priorytety i dobrze wykorzysta\u0107 czas<\/div>\n<div>\u2013 zarz\u0105dzaniu finansami, by nie by\u0142y \u017ar\u00f3d\u0142em konflikt\u00f3w<\/div>\n<div>\u2013 inspiruj\u0105cych rytua\u0142ach, kt\u00f3re upi\u0119kszaj\u0105 \u017cycie w codzienno\u015bci; czasem wystarczy ma\u0142y gest<\/div>\n<div>\u00a0<\/div>\n<div><b>Spotkanie poprowadz\u0105 Anna i Krzysztof Strug, doradcy rodzinni.<\/b><\/div>\n<\/div>\n<\/div>\n<\/div>\n<p><b>Zapro\u015b wsp\u00f3\u0142ma\u0142\u017conka i sp\u0119d\u017acie wsp\u00f3lnie romantyczny i inspiruj\u0105cy wiecz\u00f3r!<\/b><\/p>\n<p>&nbsp;<\/p>\n<\/div>\n<\/div>\n<\/div>\n<p>&nbsp;<\/p>\n<div class=\"et_pb_column et_pb_column_4_4 et_pb_column_0 et_pb_css_mix_blend_mode_passthrough et-last-child\">\n<div class=\"et_pb_module et_pb_text et_pb_text_0 et_pb_text_align_left et_pb_bg_layout_light\">\u00a0<\/div>\n<\/div>\n<\/div>\n<\/div>\n<\/div>\n<\/div>\n<\/div>\n<\/div>\n<\/div>\n<\/div>\n<\/div>\n<\/div>\n<\/div>\n<\/div>\n<\/div>\n<\/section>\n<p><a href=\"https:\/\/umilowani.pl\/wp-content\/uploads\/2026\/01\/Tydzien-malz3_2026_DR.jpg\"><img loading=\"lazy\" decoding=\"async\" class=\"aligncenter wp-image-19645\" src=\"https:\/\/umilowani.pl\/wp-content\/uploads\/2026\/01\/Tydzien-malz3_2026_DR-225x300.jpg\" alt=\"\" width=\"451\" height=\"600\" \/><\/a><\/p>\n<\/div>\n<\/div>\n<\/div>\n<\/div>\n<p>&nbsp;<\/p>\n<p style=\"text-align: center;\"><strong>Spotkania s\u0105 bezp\u0142atne dzi\u0119ki dofinansowaniu przez Gmin\u0119 Wroc\u0142aw<\/strong><img loading=\"lazy\" decoding=\"async\" class=\"size-medium wp-image-12432 ls-is-cached lazyloaded aligncenter\" src=\"https:\/\/fev.wroclaw.pl\/wp-content\/uploads\/maly-300x39.jpg\" sizes=\"auto, (max-width: 300px) 100vw, 300px\" srcset=\"https:\/\/fev.wroclaw.pl\/wp-content\/uploads\/maly-300x39.jpg 300w, https:\/\/fev.wroclaw.pl\/wp-content\/uploads\/maly.jpg 532w\" alt=\"\" width=\"300\" height=\"39\" data-srcset=\"https:\/\/fev.wroclaw.pl\/wp-content\/uploads\/maly-300x39.jpg 300w, https:\/\/fev.wroclaw.pl\/wp-content\/uploads\/maly.jpg 532w\" data-src=\"https:\/\/fev.wroclaw.pl\/wp-content\/uploads\/maly-300x39.jpg\" data-sizes=\"(max-width: 300px) 100vw, 300px\" \/><\/p>\n<\/div>\n<\/div>\n<\/div>\n<\/div>\n<p>[\/et_pb_text][\/et_pb_column][\/et_pb_row][\/et_pb_section]<\/p>\n","protected":false},"excerpt":{"rendered":"<p>Zapraszamy na warsztaty dotycz\u0105ce komunikacji mi\u0119dzy ma\u0142\u017conkami w ramach Tygodnia Ma\u0142\u017ce\u0144stwa, kt\u00f3re odb\u0119d\u0105 si\u0119 we Wroc\u0142awiu.<\/p>\n","protected":false},"author":1,"featured_media":0,"comment_status":"closed","ping_status":"closed","sticky":false,"template":"","format":"standard","meta":{"_et_pb_use_builder":"on","_et_pb_old_content":"","_et_gb_content_width":"","footnotes":""},"categories":[45],"tags":[],"class_list":["post-19371","post","type-post","status-publish","format-standard","hentry","category-sluchaj"],"yoast_head":"<!-- This site is optimized with the Yoast SEO plugin v27.5 - https:\/\/yoast.com\/product\/yoast-seo-wordpress\/ -->\n<title>&quot;PRACA, KASA, CODZIENNO\u015a\u0106 I MY&quot; 13.02.2026 - UMILOWANI.PL<\/title>\n<meta name=\"description\" content=\"Zapraszamy na warsztaty \u201ePraca, kasa, codzienno\u015b\u0107 i my\u201d w dniu 13.02.2026 r. Warsztaty odb\u0119d\u0105 si\u0119 w Fundacji Evangelium Vitae we Wroc\u0142awiu.\" \/>\n<meta name=\"robots\" content=\"index, follow, max-snippet:-1, max-image-preview:large, max-video-preview:-1\" \/>\n<link rel=\"canonical\" href=\"https:\/\/umilowani.pl\/index.php\/2026\/01\/09\/praca-kasa-codziennosc-i-my-13-02-2026\/\" \/>\n<meta property=\"og:locale\" content=\"pl_PL\" \/>\n<meta property=\"og:type\" content=\"article\" \/>\n<meta property=\"og:title\" content=\"&quot;PRACA, KASA, CODZIENNO\u015a\u0106 I MY&quot; 13.02.2026 - UMILOWANI.PL\" \/>\n<meta property=\"og:description\" content=\"Zapraszamy na warsztaty \u201ePraca, kasa, codzienno\u015b\u0107 i my\u201d w dniu 13.02.2026 r. Warsztaty odb\u0119d\u0105 si\u0119 w Fundacji Evangelium Vitae we Wroc\u0142awiu.\" \/>\n<meta property=\"og:url\" content=\"https:\/\/umilowani.pl\/index.php\/2026\/01\/09\/praca-kasa-codziennosc-i-my-13-02-2026\/\" \/>\n<meta property=\"og:site_name\" content=\"UMILOWANI.PL\" \/>\n<meta property=\"article:published_time\" content=\"2026-01-09T08:05:19+00:00\" \/>\n<meta property=\"article:modified_time\" content=\"2026-01-20T09:39:43+00:00\" \/>\n<meta property=\"og:image\" content=\"https:\/\/umilowani.pl\/wp-content\/uploads\/2027\/01\/Tydzien-malz2_2026_tlo2_DR.jpg\" \/>\n\t<meta property=\"og:image:width\" content=\"753\" \/>\n\t<meta property=\"og:image:height\" content=\"469\" \/>\n\t<meta property=\"og:image:type\" content=\"image\/jpeg\" \/>\n<meta name=\"author\" content=\"UMILOWANI.PL\" \/>\n<meta name=\"twitter:card\" content=\"summary_large_image\" \/>\n<meta name=\"twitter:label1\" content=\"Napisane przez\" \/>\n\t<meta name=\"twitter:data1\" content=\"UMILOWANI.PL\" \/>\n\t<meta name=\"twitter:label2\" content=\"Szacowany czas czytania\" \/>\n\t<meta name=\"twitter:data2\" content=\"2 minuty\" \/>\n<script type=\"application\/ld+json\" class=\"yoast-schema-graph\">{\"@context\":\"https:\\\/\\\/schema.org\",\"@graph\":[{\"@type\":\"Article\",\"@id\":\"https:\\\/\\\/umilowani.pl\\\/index.php\\\/2026\\\/01\\\/09\\\/praca-kasa-codziennosc-i-my-13-02-2026\\\/#article\",\"isPartOf\":{\"@id\":\"https:\\\/\\\/umilowani.pl\\\/index.php\\\/2026\\\/01\\\/09\\\/praca-kasa-codziennosc-i-my-13-02-2026\\\/\"},\"author\":{\"name\":\"UMILOWANI.PL\",\"@id\":\"https:\\\/\\\/umilowani.pl\\\/#\\\/schema\\\/person\\\/600a3e0031b2b450828be24ac2027c8a\"},\"headline\":\"&#8222;PRACA, KASA, CODZIENNO\u015a\u0106 I MY&#8221; 13.02.2026\",\"datePublished\":\"2026-01-09T08:05:19+00:00\",\"dateModified\":\"2026-01-20T09:39:43+00:00\",\"mainEntityOfPage\":{\"@id\":\"https:\\\/\\\/umilowani.pl\\\/index.php\\\/2026\\\/01\\\/09\\\/praca-kasa-codziennosc-i-my-13-02-2026\\\/\"},\"wordCount\":244,\"publisher\":{\"@id\":\"https:\\\/\\\/umilowani.pl\\\/#\\\/schema\\\/person\\\/600a3e0031b2b450828be24ac2027c8a\"},\"image\":{\"@id\":\"https:\\\/\\\/umilowani.pl\\\/index.php\\\/2026\\\/01\\\/09\\\/praca-kasa-codziennosc-i-my-13-02-2026\\\/#primaryimage\"},\"thumbnailUrl\":\"https:\\\/\\\/umilowani.pl\\\/wp-content\\\/uploads\\\/2026\\\/01\\\/Tydzien-malz3_2026_DR-225x300.jpg\",\"articleSection\":[\"S\u0141UCHAj\"],\"inLanguage\":\"pl-PL\"},{\"@type\":\"WebPage\",\"@id\":\"https:\\\/\\\/umilowani.pl\\\/index.php\\\/2026\\\/01\\\/09\\\/praca-kasa-codziennosc-i-my-13-02-2026\\\/\",\"url\":\"https:\\\/\\\/umilowani.pl\\\/index.php\\\/2026\\\/01\\\/09\\\/praca-kasa-codziennosc-i-my-13-02-2026\\\/\",\"name\":\"\\\"PRACA, KASA, CODZIENNO\u015a\u0106 I MY\\\" 13.02.2026 - UMILOWANI.PL\",\"isPartOf\":{\"@id\":\"https:\\\/\\\/umilowani.pl\\\/#website\"},\"primaryImageOfPage\":{\"@id\":\"https:\\\/\\\/umilowani.pl\\\/index.php\\\/2026\\\/01\\\/09\\\/praca-kasa-codziennosc-i-my-13-02-2026\\\/#primaryimage\"},\"image\":{\"@id\":\"https:\\\/\\\/umilowani.pl\\\/index.php\\\/2026\\\/01\\\/09\\\/praca-kasa-codziennosc-i-my-13-02-2026\\\/#primaryimage\"},\"thumbnailUrl\":\"https:\\\/\\\/umilowani.pl\\\/wp-content\\\/uploads\\\/2026\\\/01\\\/Tydzien-malz3_2026_DR-225x300.jpg\",\"datePublished\":\"2026-01-09T08:05:19+00:00\",\"dateModified\":\"2026-01-20T09:39:43+00:00\",\"description\":\"Zapraszamy na warsztaty \u201ePraca, kasa, codzienno\u015b\u0107 i my\u201d w dniu 13.02.2026 r. Warsztaty odb\u0119d\u0105 si\u0119 w Fundacji Evangelium Vitae we Wroc\u0142awiu.\",\"breadcrumb\":{\"@id\":\"https:\\\/\\\/umilowani.pl\\\/index.php\\\/2026\\\/01\\\/09\\\/praca-kasa-codziennosc-i-my-13-02-2026\\\/#breadcrumb\"},\"inLanguage\":\"pl-PL\",\"potentialAction\":[{\"@type\":\"ReadAction\",\"target\":[\"https:\\\/\\\/umilowani.pl\\\/index.php\\\/2026\\\/01\\\/09\\\/praca-kasa-codziennosc-i-my-13-02-2026\\\/\"]}]},{\"@type\":\"ImageObject\",\"inLanguage\":\"pl-PL\",\"@id\":\"https:\\\/\\\/umilowani.pl\\\/index.php\\\/2026\\\/01\\\/09\\\/praca-kasa-codziennosc-i-my-13-02-2026\\\/#primaryimage\",\"url\":\"https:\\\/\\\/umilowani.pl\\\/wp-content\\\/uploads\\\/2026\\\/01\\\/Tydzien-malz3_2026_DR.jpg\",\"contentUrl\":\"https:\\\/\\\/umilowani.pl\\\/wp-content\\\/uploads\\\/2026\\\/01\\\/Tydzien-malz3_2026_DR.jpg\",\"width\":1499,\"height\":1996},{\"@type\":\"BreadcrumbList\",\"@id\":\"https:\\\/\\\/umilowani.pl\\\/index.php\\\/2026\\\/01\\\/09\\\/praca-kasa-codziennosc-i-my-13-02-2026\\\/#breadcrumb\",\"itemListElement\":[{\"@type\":\"ListItem\",\"position\":1,\"name\":\"Strona g\u0142\u00f3wna\",\"item\":\"https:\\\/\\\/umilowani.pl\\\/\"},{\"@type\":\"ListItem\",\"position\":2,\"name\":\"&#8222;PRACA, KASA, CODZIENNO\u015a\u0106 I MY&#8221; 13.02.2026\"}]},{\"@type\":\"WebSite\",\"@id\":\"https:\\\/\\\/umilowani.pl\\\/#website\",\"url\":\"https:\\\/\\\/umilowani.pl\\\/\",\"name\":\"UMILOWANI.PL\",\"description\":\"Ma\u0142\u017ce\u0144stwo, mi\u0142o\u015b\u0107\",\"publisher\":{\"@id\":\"https:\\\/\\\/umilowani.pl\\\/#\\\/schema\\\/person\\\/600a3e0031b2b450828be24ac2027c8a\"},\"potentialAction\":[{\"@type\":\"SearchAction\",\"target\":{\"@type\":\"EntryPoint\",\"urlTemplate\":\"https:\\\/\\\/umilowani.pl\\\/?s={search_term_string}\"},\"query-input\":{\"@type\":\"PropertyValueSpecification\",\"valueRequired\":true,\"valueName\":\"search_term_string\"}}],\"inLanguage\":\"pl-PL\"},{\"@type\":[\"Person\",\"Organization\"],\"@id\":\"https:\\\/\\\/umilowani.pl\\\/#\\\/schema\\\/person\\\/600a3e0031b2b450828be24ac2027c8a\",\"name\":\"UMILOWANI.PL\",\"image\":{\"@type\":\"ImageObject\",\"inLanguage\":\"pl-PL\",\"@id\":\"https:\\\/\\\/umilowani.pl\\\/wp-content\\\/uploads\\\/2022\\\/07\\\/cropped-6.png\",\"url\":\"https:\\\/\\\/umilowani.pl\\\/wp-content\\\/uploads\\\/2022\\\/07\\\/cropped-6.png\",\"contentUrl\":\"https:\\\/\\\/umilowani.pl\\\/wp-content\\\/uploads\\\/2022\\\/07\\\/cropped-6.png\",\"width\":512,\"height\":512,\"caption\":\"UMILOWANI.PL\"},\"logo\":{\"@id\":\"https:\\\/\\\/umilowani.pl\\\/wp-content\\\/uploads\\\/2022\\\/07\\\/cropped-6.png\"},\"url\":\"https:\\\/\\\/umilowani.pl\\\/index.php\\\/author\\\/admin9972\\\/\"}]}<\/script>\n<!-- \/ Yoast SEO plugin. -->","yoast_head_json":{"title":"\"PRACA, KASA, CODZIENNO\u015a\u0106 I MY\" 13.02.2026 - UMILOWANI.PL","description":"Zapraszamy na warsztaty \u201ePraca, kasa, codzienno\u015b\u0107 i my\u201d w dniu 13.02.2026 r. Warsztaty odb\u0119d\u0105 si\u0119 w Fundacji Evangelium Vitae we Wroc\u0142awiu.","robots":{"index":"index","follow":"follow","max-snippet":"max-snippet:-1","max-image-preview":"max-image-preview:large","max-video-preview":"max-video-preview:-1"},"canonical":"https:\/\/umilowani.pl\/index.php\/2026\/01\/09\/praca-kasa-codziennosc-i-my-13-02-2026\/","og_locale":"pl_PL","og_type":"article","og_title":"\"PRACA, KASA, CODZIENNO\u015a\u0106 I MY\" 13.02.2026 - UMILOWANI.PL","og_description":"Zapraszamy na warsztaty \u201ePraca, kasa, codzienno\u015b\u0107 i my\u201d w dniu 13.02.2026 r. Warsztaty odb\u0119d\u0105 si\u0119 w Fundacji Evangelium Vitae we Wroc\u0142awiu.","og_url":"https:\/\/umilowani.pl\/index.php\/2026\/01\/09\/praca-kasa-codziennosc-i-my-13-02-2026\/","og_site_name":"UMILOWANI.PL","article_published_time":"2026-01-09T08:05:19+00:00","article_modified_time":"2026-01-20T09:39:43+00:00","og_image":[{"width":753,"height":469,"url":"https:\/\/umilowani.pl\/wp-content\/uploads\/2027\/01\/Tydzien-malz2_2026_tlo2_DR.jpg","type":"image\/jpeg"}],"author":"UMILOWANI.PL","twitter_card":"summary_large_image","twitter_misc":{"Napisane przez":"UMILOWANI.PL","Szacowany czas czytania":"2 minuty"},"schema":{"@context":"https:\/\/schema.org","@graph":[{"@type":"Article","@id":"https:\/\/umilowani.pl\/index.php\/2026\/01\/09\/praca-kasa-codziennosc-i-my-13-02-2026\/#article","isPartOf":{"@id":"https:\/\/umilowani.pl\/index.php\/2026\/01\/09\/praca-kasa-codziennosc-i-my-13-02-2026\/"},"author":{"name":"UMILOWANI.PL","@id":"https:\/\/umilowani.pl\/#\/schema\/person\/600a3e0031b2b450828be24ac2027c8a"},"headline":"&#8222;PRACA, KASA, CODZIENNO\u015a\u0106 I MY&#8221; 13.02.2026","datePublished":"2026-01-09T08:05:19+00:00","dateModified":"2026-01-20T09:39:43+00:00","mainEntityOfPage":{"@id":"https:\/\/umilowani.pl\/index.php\/2026\/01\/09\/praca-kasa-codziennosc-i-my-13-02-2026\/"},"wordCount":244,"publisher":{"@id":"https:\/\/umilowani.pl\/#\/schema\/person\/600a3e0031b2b450828be24ac2027c8a"},"image":{"@id":"https:\/\/umilowani.pl\/index.php\/2026\/01\/09\/praca-kasa-codziennosc-i-my-13-02-2026\/#primaryimage"},"thumbnailUrl":"https:\/\/umilowani.pl\/wp-content\/uploads\/2026\/01\/Tydzien-malz3_2026_DR-225x300.jpg","articleSection":["S\u0141UCHAj"],"inLanguage":"pl-PL"},{"@type":"WebPage","@id":"https:\/\/umilowani.pl\/index.php\/2026\/01\/09\/praca-kasa-codziennosc-i-my-13-02-2026\/","url":"https:\/\/umilowani.pl\/index.php\/2026\/01\/09\/praca-kasa-codziennosc-i-my-13-02-2026\/","name":"\"PRACA, KASA, CODZIENNO\u015a\u0106 I MY\" 13.02.2026 - UMILOWANI.PL","isPartOf":{"@id":"https:\/\/umilowani.pl\/#website"},"primaryImageOfPage":{"@id":"https:\/\/umilowani.pl\/index.php\/2026\/01\/09\/praca-kasa-codziennosc-i-my-13-02-2026\/#primaryimage"},"image":{"@id":"https:\/\/umilowani.pl\/index.php\/2026\/01\/09\/praca-kasa-codziennosc-i-my-13-02-2026\/#primaryimage"},"thumbnailUrl":"https:\/\/umilowani.pl\/wp-content\/uploads\/2026\/01\/Tydzien-malz3_2026_DR-225x300.jpg","datePublished":"2026-01-09T08:05:19+00:00","dateModified":"2026-01-20T09:39:43+00:00","description":"Zapraszamy na warsztaty \u201ePraca, kasa, codzienno\u015b\u0107 i my\u201d w dniu 13.02.2026 r. Warsztaty odb\u0119d\u0105 si\u0119 w Fundacji Evangelium Vitae we Wroc\u0142awiu.","breadcrumb":{"@id":"https:\/\/umilowani.pl\/index.php\/2026\/01\/09\/praca-kasa-codziennosc-i-my-13-02-2026\/#breadcrumb"},"inLanguage":"pl-PL","potentialAction":[{"@type":"ReadAction","target":["https:\/\/umilowani.pl\/index.php\/2026\/01\/09\/praca-kasa-codziennosc-i-my-13-02-2026\/"]}]},{"@type":"ImageObject","inLanguage":"pl-PL","@id":"https:\/\/umilowani.pl\/index.php\/2026\/01\/09\/praca-kasa-codziennosc-i-my-13-02-2026\/#primaryimage","url":"https:\/\/umilowani.pl\/wp-content\/uploads\/2026\/01\/Tydzien-malz3_2026_DR.jpg","contentUrl":"https:\/\/umilowani.pl\/wp-content\/uploads\/2026\/01\/Tydzien-malz3_2026_DR.jpg","width":1499,"height":1996},{"@type":"BreadcrumbList","@id":"https:\/\/umilowani.pl\/index.php\/2026\/01\/09\/praca-kasa-codziennosc-i-my-13-02-2026\/#breadcrumb","itemListElement":[{"@type":"ListItem","position":1,"name":"Strona g\u0142\u00f3wna","item":"https:\/\/umilowani.pl\/"},{"@type":"ListItem","position":2,"name":"&#8222;PRACA, KASA, CODZIENNO\u015a\u0106 I MY&#8221; 13.02.2026"}]},{"@type":"WebSite","@id":"https:\/\/umilowani.pl\/#website","url":"https:\/\/umilowani.pl\/","name":"UMILOWANI.PL","description":"Ma\u0142\u017ce\u0144stwo, mi\u0142o\u015b\u0107","publisher":{"@id":"https:\/\/umilowani.pl\/#\/schema\/person\/600a3e0031b2b450828be24ac2027c8a"},"potentialAction":[{"@type":"SearchAction","target":{"@type":"EntryPoint","urlTemplate":"https:\/\/umilowani.pl\/?s={search_term_string}"},"query-input":{"@type":"PropertyValueSpecification","valueRequired":true,"valueName":"search_term_string"}}],"inLanguage":"pl-PL"},{"@type":["Person","Organization"],"@id":"https:\/\/umilowani.pl\/#\/schema\/person\/600a3e0031b2b450828be24ac2027c8a","name":"UMILOWANI.PL","image":{"@type":"ImageObject","inLanguage":"pl-PL","@id":"https:\/\/umilowani.pl\/wp-content\/uploads\/2022\/07\/cropped-6.png","url":"https:\/\/umilowani.pl\/wp-content\/uploads\/2022\/07\/cropped-6.png","contentUrl":"https:\/\/umilowani.pl\/wp-content\/uploads\/2022\/07\/cropped-6.png","width":512,"height":512,"caption":"UMILOWANI.PL"},"logo":{"@id":"https:\/\/umilowani.pl\/wp-content\/uploads\/2022\/07\/cropped-6.png"},"url":"https:\/\/umilowani.pl\/index.php\/author\/admin9972\/"}]}},"_links":{"self":[{"href":"https:\/\/umilowani.pl\/index.php\/wp-json\/wp\/v2\/posts\/19371","targetHints":{"allow":["GET"]}}],"collection":[{"href":"https:\/\/umilowani.pl\/index.php\/wp-json\/wp\/v2\/posts"}],"about":[{"href":"https:\/\/umilowani.pl\/index.php\/wp-json\/wp\/v2\/types\/post"}],"author":[{"embeddable":true,"href":"https:\/\/umilowani.pl\/index.php\/wp-json\/wp\/v2\/users\/1"}],"replies":[{"embeddable":true,"href":"https:\/\/umilowani.pl\/index.php\/wp-json\/wp\/v2\/comments?post=19371"}],"version-history":[{"count":16,"href":"https:\/\/umilowani.pl\/index.php\/wp-json\/wp\/v2\/posts\/19371\/revisions"}],"predecessor-version":[{"id":19646,"href":"https:\/\/umilowani.pl\/index.php\/wp-json\/wp\/v2\/posts\/19371\/revisions\/19646"}],"wp:attachment":[{"href":"https:\/\/umilowani.pl\/index.php\/wp-json\/wp\/v2\/media?parent=19371"}],"wp:term":[{"taxonomy":"category","embeddable":true,"href":"https:\/\/umilowani.pl\/index.php\/wp-json\/wp\/v2\/categories?post=19371"},{"taxonomy":"post_tag","embeddable":true,"href":"https:\/\/umilowani.pl\/index.php\/wp-json\/wp\/v2\/tags?post=19371"}],"curies":[{"name":"wp","href":"https:\/\/api.w.org\/{rel}","templated":true}]}}